{"id":4714,"date":"2017-01-09T10:41:57","date_gmt":"2017-01-09T08:41:57","guid":{"rendered":"http:\/\/www.iespedromunozseca.es\/?p=4714"},"modified":"2017-01-09T13:26:00","modified_gmt":"2017-01-09T11:26:00","slug":"25-de-noviembre-dia-internacional-contra-la-violencia-de-genero","status":"publish","type":"post","link":"https:\/\/www.iespedromunozseca.es\/?p=4714","title":{"rendered":"25 de noviembre. D\u00eda internacional contra la violencia de g\u00e9nero"},"content":{"rendered":"<p style=\"text-align: justify;\">Nuestro centro ha organizado diferentes actividades con motivo de la celebraci\u00f3n del d\u00eda internacional sobre la violencia de g\u00e9nero. Los alumnos han participado en charlas contra la violencia de g\u00e9nero, impartida por antiguos alumnos, talleres y decoraci\u00f3n alusiva a este tema, desgraciadamente, de tan rabiosa actualidad.<\/p>\n<p style=\"text-align: justify;\">\n<p style=\"text-align: center;\"><a href=\"http:\/\/www.iespedromunozseca.es\/wp-content\/uploads\/2017\/01\/img-20161123-wa0000.jpg\"><img decoding=\"async\" loading=\"lazy\" class=\"aligncenter size-large wp-image-4715\" title=\"img-20161123-wa0000\" src=\"http:\/\/www.iespedromunozseca.es\/wp-content\/uploads\/2017\/01\/img-20161123-wa0000-1024x576.jpg\" alt=\"img-20161123-wa0000\" width=\"922\" height=\"518\" srcset=\"https:\/\/www.iespedromunozseca.es\/wp-content\/uploads\/2017\/01\/img-20161123-wa0000-1024x576.jpg 1024w, https:\/\/www.iespedromunozseca.es\/wp-content\/uploads\/2017\/01\/img-20161123-wa0000-300x168.jpg 300w, https:\/\/www.iespedromunozseca.es\/wp-content\/uploads\/2017\/01\/img-20161123-wa0000.jpg 1600w\" sizes=\"(max-width: 922px) 100vw, 922px\" \/><\/a><\/p>\n<p style=\"text-align: justify;\"><a href=\"http:\/\/www.iespedromunozseca.es\/wp-content\/uploads\/2017\/01\/20161125_131936.jpg\"><img decoding=\"async\" loading=\"lazy\" class=\"aligncenter size-large wp-image-4717\" title=\"20161125_131936\" src=\"http:\/\/www.iespedromunozseca.es\/wp-content\/uploads\/2017\/01\/20161125_131936-1024x576.jpg\" alt=\"20161125_131936\" width=\"717\" height=\"403\" srcset=\"https:\/\/www.iespedromunozseca.es\/wp-content\/uploads\/2017\/01\/20161125_131936-1024x576.jpg 1024w, https:\/\/www.iespedromunozseca.es\/wp-content\/uploads\/2017\/01\/20161125_131936-300x168.jpg 300w\" sizes=\"(max-width: 717px) 100vw, 717px\" \/><\/a><\/p>\n<p style=\"text-align: center;\">\n<p style=\"text-align: center;\"><a href=\"http:\/\/www.iespedromunozseca.es\/wp-content\/uploads\/2017\/01\/20161125_131851.jpg\"><img decoding=\"async\" loading=\"lazy\" class=\"aligncenter size-large wp-image-4716\" title=\"20161125_131851\" src=\"http:\/\/www.iespedromunozseca.es\/wp-content\/uploads\/2017\/01\/20161125_131851-1024x576.jpg\" alt=\"20161125_131851\" width=\"717\" height=\"403\" srcset=\"https:\/\/www.iespedromunozseca.es\/wp-content\/uploads\/2017\/01\/20161125_131851-1024x576.jpg 1024w, https:\/\/www.iespedromunozseca.es\/wp-content\/uploads\/2017\/01\/20161125_131851-300x168.jpg 300w\" sizes=\"(max-width: 717px) 100vw, 717px\" \/><\/a><\/p>\n","protected":false},"excerpt":{"rendered":"<p>Nuestro centro ha organizado diferentes actividades con motivo de la celebraci\u00f3n del d\u00eda internacional sobre la violencia de g\u00e9nero. Los alumnos han participado en charlas contra la violencia de g\u00e9nero, impartida por antiguos alumnos, talleres y decoraci\u00f3n alusiva a este tema, desgraciadamente, de tan rabiosa actualidad.<\/p>\n","protected":false},"author":3,"featured_media":0,"comment_status":"closed","ping_status":"open","sticky":false,"template":"","format":"standard","meta":[],"categories":[1],"tags":[],"_links":{"self":[{"href":"https:\/\/www.iespedromunozseca.es\/index.php?rest_route=\/wp\/v2\/posts\/4714"}],"collection":[{"href":"https:\/\/www.iespedromunozseca.es\/index.php?rest_route=\/wp\/v2\/posts"}],"about":[{"href":"https:\/\/www.iespedromunozseca.es\/index.php?rest_route=\/wp\/v2\/types\/post"}],"author":[{"embeddable":true,"href":"https:\/\/www.iespedromunozseca.es\/index.php?rest_route=\/wp\/v2\/users\/3"}],"replies":[{"embeddable":true,"href":"https:\/\/www.iespedromunozseca.es\/index.php?rest_route=%2Fwp%2Fv2%2Fcomments&post=4714"}],"version-history":[{"count":6,"href":"https:\/\/www.iespedromunozseca.es\/index.php?rest_route=\/wp\/v2\/posts\/4714\/revisions"}],"predecessor-version":[{"id":4738,"href":"https:\/\/www.iespedromunozseca.es\/index.php?rest_route=\/wp\/v2\/posts\/4714\/revisions\/4738"}],"wp:attachment":[{"href":"https:\/\/www.iespedromunozseca.es\/index.php?rest_route=%2Fwp%2Fv2%2Fmedia&parent=4714"}],"wp:term":[{"taxonomy":"category","embeddable":true,"href":"https:\/\/www.iespedromunozseca.es\/index.php?rest_route=%2Fwp%2Fv2%2Fcategories&post=4714"},{"taxonomy":"post_tag","embeddable":true,"href":"https:\/\/www.iespedromunozseca.es\/index.php?rest_route=%2Fwp%2Fv2%2Ftags&post=4714"}],"curies":[{"name":"wp","href":"https:\/\/api.w.org\/{rel}","templated":true}]}}