{"id":4700,"date":"2016-12-22T10:40:46","date_gmt":"2016-12-22T08:40:46","guid":{"rendered":"http:\/\/www.iespedromunozseca.es\/?p=4700"},"modified":"2016-12-22T11:32:45","modified_gmt":"2016-12-22T09:32:45","slug":"dia-del-flamenco","status":"publish","type":"post","link":"https:\/\/www.iespedromunozseca.es\/?p=4700","title":{"rendered":"Dia del Flamenco"},"content":{"rendered":"<p>El mi\u00e9rcoles 16 de noviembre celebramos en el centro el D\u00eda del Flamenco. Ante tal ocasi\u00f3n, los alumnos de primero de la ESO participaron en un peque\u00f1o recital en el que no falt\u00f3 el buen cante. \u00a1Qu\u00e9 poder\u00edo y vaya artistas tenemos en el centro!. Felicidades a todos los participantes y gracias por la ilusi\u00f3n puesta.<\/p>\n<p style=\"text-align: center;\"><a href=\"http:\/\/www.iespedromunozseca.es\/wp-content\/uploads\/2016\/12\/20161116_143212.jpg\"><img decoding=\"async\" loading=\"lazy\" class=\"aligncenter size-large wp-image-4704\" title=\"20161116_143212\" src=\"http:\/\/www.iespedromunozseca.es\/wp-content\/uploads\/2016\/12\/20161116_143212-1024x768.jpg\" alt=\"20161116_143212\" width=\"819\" height=\"614\" srcset=\"https:\/\/www.iespedromunozseca.es\/wp-content\/uploads\/2016\/12\/20161116_143212-1024x768.jpg 1024w, https:\/\/www.iespedromunozseca.es\/wp-content\/uploads\/2016\/12\/20161116_143212-300x225.jpg 300w\" sizes=\"(max-width: 819px) 100vw, 819px\" \/><\/a><\/p>\n<div><a href=\"http:\/\/www.iespedromunozseca.es\/wp-content\/uploads\/2016\/12\/20161116_143212.jpg\"><\/a><a href=\"http:\/\/www.iespedromunozseca.es\/wp-content\/uploads\/2016\/12\/20161116_142842.jpg\"><img decoding=\"async\" loading=\"lazy\" class=\"aligncenter size-large wp-image-4703\" title=\"20161116_142842\" src=\"http:\/\/www.iespedromunozseca.es\/wp-content\/uploads\/2016\/12\/20161116_142842-1024x768.jpg\" alt=\"20161116_142842\" width=\"819\" height=\"614\" srcset=\"https:\/\/www.iespedromunozseca.es\/wp-content\/uploads\/2016\/12\/20161116_142842-1024x768.jpg 1024w, https:\/\/www.iespedromunozseca.es\/wp-content\/uploads\/2016\/12\/20161116_142842-300x225.jpg 300w\" sizes=\"(max-width: 819px) 100vw, 819px\" \/><\/a><\/div>\n<div><\/div>\n<div><a href=\"http:\/\/www.iespedromunozseca.es\/wp-content\/uploads\/2016\/12\/20161116_141055.jpg\"><img decoding=\"async\" loading=\"lazy\" class=\"aligncenter size-large wp-image-4702\" title=\"20161116_141055\" src=\"http:\/\/www.iespedromunozseca.es\/wp-content\/uploads\/2016\/12\/20161116_141055-1024x768.jpg\" alt=\"20161116_141055\" width=\"819\" height=\"614\" srcset=\"https:\/\/www.iespedromunozseca.es\/wp-content\/uploads\/2016\/12\/20161116_141055-1024x768.jpg 1024w, https:\/\/www.iespedromunozseca.es\/wp-content\/uploads\/2016\/12\/20161116_141055-300x225.jpg 300w\" sizes=\"(max-width: 819px) 100vw, 819px\" \/><\/a><\/div>\n<div><\/div>\n<div><a href=\"http:\/\/www.iespedromunozseca.es\/wp-content\/uploads\/2016\/12\/20161116_140856.jpg\"><img decoding=\"async\" loading=\"lazy\" class=\"aligncenter size-large wp-image-4701\" title=\"20161116_140856\" src=\"http:\/\/www.iespedromunozseca.es\/wp-content\/uploads\/2016\/12\/20161116_140856-1024x768.jpg\" alt=\"20161116_140856\" width=\"819\" height=\"614\" srcset=\"https:\/\/www.iespedromunozseca.es\/wp-content\/uploads\/2016\/12\/20161116_140856-1024x768.jpg 1024w, https:\/\/www.iespedromunozseca.es\/wp-content\/uploads\/2016\/12\/20161116_140856-300x225.jpg 300w\" sizes=\"(max-width: 819px) 100vw, 819px\" \/><\/a><\/div>\n","protected":false},"excerpt":{"rendered":"<p>El mi\u00e9rcoles 16 de noviembre celebramos en el centro el D\u00eda del Flamenco. Ante tal ocasi\u00f3n, los alumnos de primero de la ESO participaron en un peque\u00f1o recital en el que no falt\u00f3 el buen cante. \u00a1Qu\u00e9 poder\u00edo y vaya artistas tenemos en el centro!. Felicidades a todos los participantes y gracias por la ilusi\u00f3n puesta.<\/p>\n","protected":false},"author":3,"featured_media":0,"comment_status":"closed","ping_status":"open","sticky":false,"template":"","format":"standard","meta":[],"categories":[20],"tags":[],"_links":{"self":[{"href":"https:\/\/www.iespedromunozseca.es\/index.php?rest_route=\/wp\/v2\/posts\/4700"}],"collection":[{"href":"https:\/\/www.iespedromunozseca.es\/index.php?rest_route=\/wp\/v2\/posts"}],"about":[{"href":"https:\/\/www.iespedromunozseca.es\/index.php?rest_route=\/wp\/v2\/types\/post"}],"author":[{"embeddable":true,"href":"https:\/\/www.iespedromunozseca.es\/index.php?rest_route=\/wp\/v2\/users\/3"}],"replies":[{"embeddable":true,"href":"https:\/\/www.iespedromunozseca.es\/index.php?rest_route=%2Fwp%2Fv2%2Fcomments&post=4700"}],"version-history":[{"count":9,"href":"https:\/\/www.iespedromunozseca.es\/index.php?rest_route=\/wp\/v2\/posts\/4700\/revisions"}],"predecessor-version":[{"id":4712,"href":"https:\/\/www.iespedromunozseca.es\/index.php?rest_route=\/wp\/v2\/posts\/4700\/revisions\/4712"}],"wp:attachment":[{"href":"https:\/\/www.iespedromunozseca.es\/index.php?rest_route=%2Fwp%2Fv2%2Fmedia&parent=4700"}],"wp:term":[{"taxonomy":"category","embeddable":true,"href":"https:\/\/www.iespedromunozseca.es\/index.php?rest_route=%2Fwp%2Fv2%2Fcategories&post=4700"},{"taxonomy":"post_tag","embeddable":true,"href":"https:\/\/www.iespedromunozseca.es\/index.php?rest_route=%2Fwp%2Fv2%2Ftags&post=4700"}],"curies":[{"name":"wp","href":"https:\/\/api.w.org\/{rel}","templated":true}]}}