{"id":4689,"date":"2016-11-24T13:35:40","date_gmt":"2016-11-24T11:35:40","guid":{"rendered":"http:\/\/www.iespedromunozseca.es\/?p=4689"},"modified":"2016-11-24T13:35:40","modified_gmt":"2016-11-24T11:35:40","slug":"convivencia-en-los-torunos","status":"publish","type":"post","link":"https:\/\/www.iespedromunozseca.es\/?p=4689","title":{"rendered":"Convivencia en Los Toru\u00f1os"},"content":{"rendered":"<p>Todos los alumnos del centro participaron en la salida de convivencia del martes 15 de noviembre al Parque Natural de los Toru\u00f1os. Muchos de nuestros alumnos y profesores acudieron en bicicleta y all\u00ed, disfrutamos de un d\u00eda estupendo. Aqu\u00ed os mostramos fotos de la gymkana.<\/p>\n<p style=\"text-align: center;\"><a href=\"http:\/\/www.iespedromunozseca.es\/wp-content\/uploads\/2016\/11\/img_2860.jpg\"><img decoding=\"async\" loading=\"lazy\" class=\"aligncenter size-large wp-image-4690\" title=\"img_2860\" src=\"http:\/\/www.iespedromunozseca.es\/wp-content\/uploads\/2016\/11\/img_2860-1024x682.jpg\" alt=\"img_2860\" width=\"717\" height=\"477\" srcset=\"https:\/\/www.iespedromunozseca.es\/wp-content\/uploads\/2016\/11\/img_2860-1024x682.jpg 1024w, https:\/\/www.iespedromunozseca.es\/wp-content\/uploads\/2016\/11\/img_2860-300x200.jpg 300w\" sizes=\"(max-width: 717px) 100vw, 717px\" \/><\/a><\/p>\n<p style=\"text-align: center;\"><a href=\"http:\/\/www.iespedromunozseca.es\/wp-content\/uploads\/2016\/11\/img_2864.jpg\"><img decoding=\"async\" loading=\"lazy\" class=\"aligncenter size-large wp-image-4691\" title=\"img_2864\" src=\"http:\/\/www.iespedromunozseca.es\/wp-content\/uploads\/2016\/11\/img_2864-1024x682.jpg\" alt=\"img_2864\" width=\"717\" height=\"477\" srcset=\"https:\/\/www.iespedromunozseca.es\/wp-content\/uploads\/2016\/11\/img_2864-1024x682.jpg 1024w, https:\/\/www.iespedromunozseca.es\/wp-content\/uploads\/2016\/11\/img_2864-300x200.jpg 300w\" sizes=\"(max-width: 717px) 100vw, 717px\" \/><\/a><\/p>\n<p><a href=\"http:\/\/www.iespedromunozseca.es\/wp-content\/uploads\/2016\/11\/img_2867.jpg\"><img decoding=\"async\" loading=\"lazy\" class=\"aligncenter size-large wp-image-4692\" title=\"img_2867\" src=\"http:\/\/www.iespedromunozseca.es\/wp-content\/uploads\/2016\/11\/img_2867-682x1024.jpg\" alt=\"img_2867\" width=\"682\" height=\"1024\" srcset=\"https:\/\/www.iespedromunozseca.es\/wp-content\/uploads\/2016\/11\/img_2867-682x1024.jpg 682w, https:\/\/www.iespedromunozseca.es\/wp-content\/uploads\/2016\/11\/img_2867-200x300.jpg 200w\" sizes=\"(max-width: 682px) 100vw, 682px\" \/><\/a><\/p>\n<p style=\"text-align: center;\"><a href=\"http:\/\/www.iespedromunozseca.es\/wp-content\/uploads\/2016\/11\/img_2867.jpg\"><\/a><a href=\"http:\/\/www.iespedromunozseca.es\/wp-content\/uploads\/2016\/11\/img_2902.jpg\"><img decoding=\"async\" loading=\"lazy\" class=\"aligncenter size-large wp-image-4694\" title=\"img_2902\" src=\"http:\/\/www.iespedromunozseca.es\/wp-content\/uploads\/2016\/11\/img_2902-1024x682.jpg\" alt=\"img_2902\" width=\"717\" height=\"477\" srcset=\"https:\/\/www.iespedromunozseca.es\/wp-content\/uploads\/2016\/11\/img_2902-1024x682.jpg 1024w, https:\/\/www.iespedromunozseca.es\/wp-content\/uploads\/2016\/11\/img_2902-300x200.jpg 300w\" sizes=\"(max-width: 717px) 100vw, 717px\" \/><\/a><br \/>\n<a href=\"http:\/\/www.iespedromunozseca.es\/wp-content\/uploads\/2016\/11\/img_2887.jpg\"><img decoding=\"async\" loading=\"lazy\" class=\"aligncenter size-large wp-image-4693\" title=\"img_2887\" src=\"http:\/\/www.iespedromunozseca.es\/wp-content\/uploads\/2016\/11\/img_2887-682x1024.jpg\" alt=\"img_2887\" width=\"682\" height=\"1024\" srcset=\"https:\/\/www.iespedromunozseca.es\/wp-content\/uploads\/2016\/11\/img_2887-682x1024.jpg 682w, https:\/\/www.iespedromunozseca.es\/wp-content\/uploads\/2016\/11\/img_2887-200x300.jpg 200w\" sizes=\"(max-width: 682px) 100vw, 682px\" \/><\/a><\/p>\n","protected":false},"excerpt":{"rendered":"<p>Todos los alumnos del centro participaron en la salida de convivencia del martes 15 de noviembre al Parque Natural de los Toru\u00f1os. Muchos de nuestros alumnos y profesores acudieron en bicicleta y all\u00ed, disfrutamos de un d\u00eda estupendo. Aqu\u00ed os mostramos fotos de la gymkana.<\/p>\n","protected":false},"author":1,"featured_media":0,"comment_status":"closed","ping_status":"open","sticky":false,"template":"","format":"standard","meta":[],"categories":[42,26,41,20],"tags":[],"_links":{"self":[{"href":"https:\/\/www.iespedromunozseca.es\/index.php?rest_route=\/wp\/v2\/posts\/4689"}],"collection":[{"href":"https:\/\/www.iespedromunozseca.es\/index.php?rest_route=\/wp\/v2\/posts"}],"about":[{"href":"https:\/\/www.iespedromunozseca.es\/index.php?rest_route=\/wp\/v2\/types\/post"}],"author":[{"embeddable":true,"href":"https:\/\/www.iespedromunozseca.es\/index.php?rest_route=\/wp\/v2\/users\/1"}],"replies":[{"embeddable":true,"href":"https:\/\/www.iespedromunozseca.es\/index.php?rest_route=%2Fwp%2Fv2%2Fcomments&post=4689"}],"version-history":[{"count":2,"href":"https:\/\/www.iespedromunozseca.es\/index.php?rest_route=\/wp\/v2\/posts\/4689\/revisions"}],"predecessor-version":[{"id":4696,"href":"https:\/\/www.iespedromunozseca.es\/index.php?rest_route=\/wp\/v2\/posts\/4689\/revisions\/4696"}],"wp:attachment":[{"href":"https:\/\/www.iespedromunozseca.es\/index.php?rest_route=%2Fwp%2Fv2%2Fmedia&parent=4689"}],"wp:term":[{"taxonomy":"category","embeddable":true,"href":"https:\/\/www.iespedromunozseca.es\/index.php?rest_route=%2Fwp%2Fv2%2Fcategories&post=4689"},{"taxonomy":"post_tag","embeddable":true,"href":"https:\/\/www.iespedromunozseca.es\/index.php?rest_route=%2Fwp%2Fv2%2Ftags&post=4689"}],"curies":[{"name":"wp","href":"https:\/\/api.w.org\/{rel}","templated":true}]}}