{"id":4678,"date":"2016-11-24T13:14:21","date_gmt":"2016-11-24T11:14:21","guid":{"rendered":"http:\/\/www.iespedromunozseca.es\/?p=4678"},"modified":"2016-11-24T13:14:21","modified_gmt":"2016-11-24T11:14:21","slug":"visita-a-la-semana-de-las-ciencias-de-la-uca","status":"publish","type":"post","link":"https:\/\/www.iespedromunozseca.es\/?p=4678","title":{"rendered":"Visita a la Semana de las Ciencias de la UCA"},"content":{"rendered":"<p>Los alumnos de 3\u00ba de la ESO, de la asignatura de F\u00edsica y Qu\u00edmica, acudieron a la Facultad de Ciencias con motivo de la Semana de la Ciencia el d\u00eda 3 de noviembre, organizada por la Universidad de C\u00e1diz. Alumnos de la Facultad le mostraron experimentos muy curiosos que dejaron asombrados a m\u00e1s de uno.<\/p>\n<p style=\"text-align: center;\"><a href=\"http:\/\/www.iespedromunozseca.es\/wp-content\/uploads\/2016\/11\/recortada.jpg\"><img decoding=\"async\" loading=\"lazy\" class=\"aligncenter size-large wp-image-4681\" title=\"recortada\" src=\"http:\/\/www.iespedromunozseca.es\/wp-content\/uploads\/2016\/11\/recortada-1024x748.jpg\" alt=\"recortada\" width=\"717\" height=\"524\" srcset=\"https:\/\/www.iespedromunozseca.es\/wp-content\/uploads\/2016\/11\/recortada-1024x748.jpg 1024w, https:\/\/www.iespedromunozseca.es\/wp-content\/uploads\/2016\/11\/recortada-300x219.jpg 300w, https:\/\/www.iespedromunozseca.es\/wp-content\/uploads\/2016\/11\/recortada.jpg 1782w\" sizes=\"(max-width: 717px) 100vw, 717px\" \/><\/a><\/p>\n<p style=\"text-align: center;\">\n<p style=\"text-align: center;\"><a href=\"http:\/\/www.iespedromunozseca.es\/wp-content\/uploads\/2016\/11\/20161103_121721corregida.jpg\"><img decoding=\"async\" loading=\"lazy\" class=\"aligncenter size-large wp-image-4680\" title=\"20161103_121721corregida\" src=\"http:\/\/www.iespedromunozseca.es\/wp-content\/uploads\/2016\/11\/20161103_121721corregida-1024x768.jpg\" alt=\"20161103_121721corregida\" width=\"717\" height=\"538\" srcset=\"https:\/\/www.iespedromunozseca.es\/wp-content\/uploads\/2016\/11\/20161103_121721corregida-1024x768.jpg 1024w, https:\/\/www.iespedromunozseca.es\/wp-content\/uploads\/2016\/11\/20161103_121721corregida-300x225.jpg 300w\" sizes=\"(max-width: 717px) 100vw, 717px\" \/><\/a><\/p>\n<p style=\"text-align: center;\">\n<p style=\"text-align: center;\"><a href=\"http:\/\/www.iespedromunozseca.es\/wp-content\/uploads\/2016\/11\/20161103_121718.jpg\"><\/a><\/p>\n","protected":false},"excerpt":{"rendered":"<p>Los alumnos de 3\u00ba de la ESO, de la asignatura de F\u00edsica y Qu\u00edmica, acudieron a la Facultad de Ciencias con motivo de la Semana de la Ciencia el d\u00eda 3 de noviembre, organizada por la Universidad de C\u00e1diz. Alumnos de la Facultad le mostraron experimentos muy curiosos que dejaron asombrados a m\u00e1s de uno.<\/p>\n","protected":false},"author":1,"featured_media":0,"comment_status":"closed","ping_status":"open","sticky":false,"template":"","format":"standard","meta":[],"categories":[1],"tags":[],"_links":{"self":[{"href":"https:\/\/www.iespedromunozseca.es\/index.php?rest_route=\/wp\/v2\/posts\/4678"}],"collection":[{"href":"https:\/\/www.iespedromunozseca.es\/index.php?rest_route=\/wp\/v2\/posts"}],"about":[{"href":"https:\/\/www.iespedromunozseca.es\/index.php?rest_route=\/wp\/v2\/types\/post"}],"author":[{"embeddable":true,"href":"https:\/\/www.iespedromunozseca.es\/index.php?rest_route=\/wp\/v2\/users\/1"}],"replies":[{"embeddable":true,"href":"https:\/\/www.iespedromunozseca.es\/index.php?rest_route=%2Fwp%2Fv2%2Fcomments&post=4678"}],"version-history":[{"count":7,"href":"https:\/\/www.iespedromunozseca.es\/index.php?rest_route=\/wp\/v2\/posts\/4678\/revisions"}],"predecessor-version":[{"id":4688,"href":"https:\/\/www.iespedromunozseca.es\/index.php?rest_route=\/wp\/v2\/posts\/4678\/revisions\/4688"}],"wp:attachment":[{"href":"https:\/\/www.iespedromunozseca.es\/index.php?rest_route=%2Fwp%2Fv2%2Fmedia&parent=4678"}],"wp:term":[{"taxonomy":"category","embeddable":true,"href":"https:\/\/www.iespedromunozseca.es\/index.php?rest_route=%2Fwp%2Fv2%2Fcategories&post=4678"},{"taxonomy":"post_tag","embeddable":true,"href":"https:\/\/www.iespedromunozseca.es\/index.php?rest_route=%2Fwp%2Fv2%2Ftags&post=4678"}],"curies":[{"name":"wp","href":"https:\/\/api.w.org\/{rel}","templated":true}]}}