{"id":4650,"date":"2016-06-21T10:00:08","date_gmt":"2016-06-21T08:00:08","guid":{"rendered":"http:\/\/www.iespedromunozseca.es\/?p=4650"},"modified":"2016-06-21T10:00:09","modified_gmt":"2016-06-21T08:00:09","slug":"acto-de-graduacion-de-alumnos-de-4%c2%ba-de-eso","status":"publish","type":"post","link":"https:\/\/www.iespedromunozseca.es\/?p=4650","title":{"rendered":"Acto de Graduaci\u00f3n de alumnos de 4\u00ba de E.S.O."},"content":{"rendered":"<p>El pr\u00f3ximo jueves, d\u00eda 23 de Junio, se celebrar\u00e1 en el sal\u00f3n de actos de nuestro IES, la graduaci\u00f3n de los alumnos de 4\u00ba de E.S.O.. Nuestros mejores deseos para los nuevos caminos que est\u00e1n a punto de comenzar.<\/p>\n<p style=\"text-align: center;\"><a href=\"http:\/\/www.iespedromunozseca.es\/wp-content\/uploads\/2016\/06\/invitacion-acto-grad-4c2ba-eso.jpg\"><img decoding=\"async\" loading=\"lazy\" class=\"aligncenter size-large wp-image-4651\" title=\"invitacion-acto-grad-4c2ba-eso\" src=\"http:\/\/www.iespedromunozseca.es\/wp-content\/uploads\/2016\/06\/invitacion-acto-grad-4c2ba-eso-1023x454.jpg\" alt=\"invitacion-acto-grad-4c2ba-eso\" width=\"716\" height=\"318\" srcset=\"https:\/\/www.iespedromunozseca.es\/wp-content\/uploads\/2016\/06\/invitacion-acto-grad-4c2ba-eso-1023x454.jpg 1023w, https:\/\/www.iespedromunozseca.es\/wp-content\/uploads\/2016\/06\/invitacion-acto-grad-4c2ba-eso-300x133.jpg 300w, https:\/\/www.iespedromunozseca.es\/wp-content\/uploads\/2016\/06\/invitacion-acto-grad-4c2ba-eso.jpg 1299w\" sizes=\"(max-width: 716px) 100vw, 716px\" \/><\/a><\/p>\n","protected":false},"excerpt":{"rendered":"<p>El pr\u00f3ximo jueves, d\u00eda 23 de Junio, se celebrar\u00e1 en el sal\u00f3n de actos de nuestro IES, la graduaci\u00f3n de los alumnos de 4\u00ba de E.S.O.. Nuestros mejores deseos para los nuevos caminos que est\u00e1n a punto de comenzar.<\/p>\n","protected":false},"author":1,"featured_media":0,"comment_status":"closed","ping_status":"open","sticky":false,"template":"","format":"standard","meta":[],"categories":[1],"tags":[],"_links":{"self":[{"href":"https:\/\/www.iespedromunozseca.es\/index.php?rest_route=\/wp\/v2\/posts\/4650"}],"collection":[{"href":"https:\/\/www.iespedromunozseca.es\/index.php?rest_route=\/wp\/v2\/posts"}],"about":[{"href":"https:\/\/www.iespedromunozseca.es\/index.php?rest_route=\/wp\/v2\/types\/post"}],"author":[{"embeddable":true,"href":"https:\/\/www.iespedromunozseca.es\/index.php?rest_route=\/wp\/v2\/users\/1"}],"replies":[{"embeddable":true,"href":"https:\/\/www.iespedromunozseca.es\/index.php?rest_route=%2Fwp%2Fv2%2Fcomments&post=4650"}],"version-history":[{"count":4,"href":"https:\/\/www.iespedromunozseca.es\/index.php?rest_route=\/wp\/v2\/posts\/4650\/revisions"}],"predecessor-version":[{"id":4655,"href":"https:\/\/www.iespedromunozseca.es\/index.php?rest_route=\/wp\/v2\/posts\/4650\/revisions\/4655"}],"wp:attachment":[{"href":"https:\/\/www.iespedromunozseca.es\/index.php?rest_route=%2Fwp%2Fv2%2Fmedia&parent=4650"}],"wp:term":[{"taxonomy":"category","embeddable":true,"href":"https:\/\/www.iespedromunozseca.es\/index.php?rest_route=%2Fwp%2Fv2%2Fcategories&post=4650"},{"taxonomy":"post_tag","embeddable":true,"href":"https:\/\/www.iespedromunozseca.es\/index.php?rest_route=%2Fwp%2Fv2%2Ftags&post=4650"}],"curies":[{"name":"wp","href":"https:\/\/api.w.org\/{rel}","templated":true}]}}