{"id":4639,"date":"2016-06-08T12:26:20","date_gmt":"2016-06-08T10:26:20","guid":{"rendered":"http:\/\/www.iespedromunozseca.es\/?p=4639"},"modified":"2016-06-08T12:27:40","modified_gmt":"2016-06-08T10:27:40","slug":"admision-en-ciclos-formativos-curso-2016-2017","status":"publish","type":"post","link":"https:\/\/www.iespedromunozseca.es\/?p=4639","title":{"rendered":"ADMISI\u00d3N EN CICLOS FORMATIVOS. CURSO 2016-2017"},"content":{"rendered":"<h1><strong>CALENDARIO DEL PROCEDIMIENTO ORDINARIO<\/strong><\/h1>\n<h2><strong>JUNIO<\/strong><\/h2>\n<p><strong>DEL 15 AL 30 DE JUNIO: PRESENTACI\u00d3N DE SOLICITUDES DE PRIMER CURSO<\/strong><\/p>\n<p><span style=\"font-family: mceinline;\"><strong>DEL 25 AL 30 DE JUNIO: PRESENTACI\u00d3N DE SOLICITUDES DE SEGUNDO CURSO EN UN CENTRO DIFERENTE A DONDE SE CURS\u00d3 EL PRIMER CURSO O EN UN CICLO FORMATIVO DISTINTO CON M\u00d3DULOS DE PRIMER CURSO COMUNES.<\/strong><\/span><\/p>\n<p><span style=\"font-family: mceinline;\"><strong>DEL 25 AL 30 DE JUNIO: MATRICULACI\u00d3N DE ALUMNOS DEL CENTRO QUE PROMOCIONAN O REPITEN.<\/strong><\/span><\/p>\n<h2><strong>JULIO<\/strong><\/h2>\n<p><span style=\"font-family: mceinline;\"><strong>5 DE JULIO: RELACI\u00d3N PROVISIONAL DE SOLICITANTES.<\/strong><\/span><\/p>\n<p><span style=\"font-family: mceinline;\"><strong>DEL 6 AL 8 DE JULIO: ALEGACIONES A LA RELACI\u00d3N PROVISIONAL DE SOLICITANTES.<\/strong><\/span><\/p>\n<p><span style=\"font-family: mceinline;\"><strong>11 DE JULIO: RELACI\u00d3N DEFINITIVA DE SOLICITANTES DE PRIMER .<\/strong><\/span><\/p>\n<h3><span style=\"font-family: mceinline;\"><strong>12 DE JULIO: PRIMERA ADJUDICACI\u00d3N<\/strong><\/span><\/h3>\n<p><span style=\"font-family: mceinline;\"><strong>DEL 13 AL 18 DE JULIO: MATR\u00cdCULA O RESERVA DE MATR\u00cdCULA.<\/strong><\/span><\/p>\n<h3><span style=\"font-family: mceinline;\"><strong>22 DE JULIO: SEGUNDA ADJUDICACI\u00d3N.<\/strong><\/span><\/h3>\n<p><span style=\"font-family: mceinline;\"><strong>DEL 25 AL 28 DE JULIO: MATR\u00cdCULA O RESERVA DE MATR\u00cdCULA.<\/strong><\/span><\/p>\n<p><span style=\"font-family: mceinline;\"><strong><a href=\"https:\/\/www.juntadeandalucia.es\/educacion\/secretariavirtual\/\" target=\"_blank\">ACCESO A LA SECRETAR\u00cdA VIRTUAL DE LA JUNTA DE ANDALUC\u00cdA.<\/a><\/strong><\/span><\/p>\n<p><span style=\"font-family: mceinline;\"><strong><br \/>\n<\/strong><\/span><\/p>\n<p><strong><br \/>\n<\/strong><\/p>\n","protected":false},"excerpt":{"rendered":"<p>CALENDARIO DEL PROCEDIMIENTO ORDINARIO JUNIO DEL 15 AL 30 DE JUNIO: PRESENTACI\u00d3N DE SOLICITUDES DE PRIMER CURSO DEL 25 AL 30 DE JUNIO: PRESENTACI\u00d3N DE SOLICITUDES DE SEGUNDO CURSO EN UN CENTRO DIFERENTE A DONDE SE CURS\u00d3 EL PRIMER CURSO O EN UN CICLO FORMATIVO DISTINTO CON M\u00d3DULOS DE PRIMER CURSO COMUNES. DEL 25 AL 30 DE JUNIO: MATRICULACI\u00d3N DE ALUMNOS DEL CENTRO QUE PROMOCIONAN O REPITEN. JULIO 5 DE JULIO: RELACI\u00d3N PROVISIONAL DE SOLICITANTES. DEL 6 AL 8 DE&#8230;<\/p>\n<p class=\"read-more\"><a class=\"btn btn-default\" href=\"https:\/\/www.iespedromunozseca.es\/?p=4639\"> Leer m\u00e1s<span class=\"screen-reader-text\">  Leer m\u00e1s<\/span><\/a><\/p>\n","protected":false},"author":3,"featured_media":0,"comment_status":"closed","ping_status":"open","sticky":false,"template":"","format":"standard","meta":[],"categories":[1],"tags":[36,12,35,50],"_links":{"self":[{"href":"https:\/\/www.iespedromunozseca.es\/index.php?rest_route=\/wp\/v2\/posts\/4639"}],"collection":[{"href":"https:\/\/www.iespedromunozseca.es\/index.php?rest_route=\/wp\/v2\/posts"}],"about":[{"href":"https:\/\/www.iespedromunozseca.es\/index.php?rest_route=\/wp\/v2\/types\/post"}],"author":[{"embeddable":true,"href":"https:\/\/www.iespedromunozseca.es\/index.php?rest_route=\/wp\/v2\/users\/3"}],"replies":[{"embeddable":true,"href":"https:\/\/www.iespedromunozseca.es\/index.php?rest_route=%2Fwp%2Fv2%2Fcomments&post=4639"}],"version-history":[{"count":6,"href":"https:\/\/www.iespedromunozseca.es\/index.php?rest_route=\/wp\/v2\/posts\/4639\/revisions"}],"predecessor-version":[{"id":4644,"href":"https:\/\/www.iespedromunozseca.es\/index.php?rest_route=\/wp\/v2\/posts\/4639\/revisions\/4644"}],"wp:attachment":[{"href":"https:\/\/www.iespedromunozseca.es\/index.php?rest_route=%2Fwp%2Fv2%2Fmedia&parent=4639"}],"wp:term":[{"taxonomy":"category","embeddable":true,"href":"https:\/\/www.iespedromunozseca.es\/index.php?rest_route=%2Fwp%2Fv2%2Fcategories&post=4639"},{"taxonomy":"post_tag","embeddable":true,"href":"https:\/\/www.iespedromunozseca.es\/index.php?rest_route=%2Fwp%2Fv2%2Ftags&post=4639"}],"curies":[{"name":"wp","href":"https:\/\/api.w.org\/{rel}","templated":true}]}}