{"id":4629,"date":"2016-05-30T12:13:57","date_gmt":"2016-05-30T10:13:57","guid":{"rendered":"http:\/\/www.iespedromunozseca.es\/?p=4629"},"modified":"2016-05-30T12:13:57","modified_gmt":"2016-05-30T10:13:57","slug":"acto-de-graduacion-bachillerato-y-ciclo-formativo","status":"publish","type":"post","link":"https:\/\/www.iespedromunozseca.es\/?p=4629","title":{"rendered":"Acto de Graduaci\u00f3n Bachillerato y Ciclo Formativo"},"content":{"rendered":"<p style=\"text-align: center;\">El pr\u00f3ximo jueves, d\u00eda 2 de Junio, se celebrar\u00e1 en el sal\u00f3n de actos de nuestro IES, la graduaci\u00f3n de los alumnos de Bachillerato y Ciclo Formativo Turismo. Nuestros mejores deseos para los nuevos caminos que est\u00e1n a punto de comenzar.<a href=\"http:\/\/www.iespedromunozseca.es\/wp-content\/uploads\/2016\/05\/graduacion.jpg\"><img decoding=\"async\" loading=\"lazy\" class=\"aligncenter size-large wp-image-4630\" title=\"graduacion\" src=\"http:\/\/www.iespedromunozseca.es\/wp-content\/uploads\/2016\/05\/graduacion-1024x443.jpg\" alt=\"graduacion\" width=\"819\" height=\"354\" srcset=\"https:\/\/www.iespedromunozseca.es\/wp-content\/uploads\/2016\/05\/graduacion-1024x443.jpg 1024w, https:\/\/www.iespedromunozseca.es\/wp-content\/uploads\/2016\/05\/graduacion-300x130.jpg 300w, https:\/\/www.iespedromunozseca.es\/wp-content\/uploads\/2016\/05\/graduacion.jpg 1290w\" sizes=\"(max-width: 819px) 100vw, 819px\" \/><\/a><\/p>\n","protected":false},"excerpt":{"rendered":"<p>El pr\u00f3ximo jueves, d\u00eda 2 de Junio, se celebrar\u00e1 en el sal\u00f3n de actos de nuestro IES, la graduaci\u00f3n de los alumnos de Bachillerato y Ciclo Formativo Turismo. Nuestros mejores deseos para los nuevos caminos que est\u00e1n a punto de comenzar.<\/p>\n","protected":false},"author":1,"featured_media":0,"comment_status":"closed","ping_status":"open","sticky":false,"template":"","format":"standard","meta":[],"categories":[1],"tags":[],"_links":{"self":[{"href":"https:\/\/www.iespedromunozseca.es\/index.php?rest_route=\/wp\/v2\/posts\/4629"}],"collection":[{"href":"https:\/\/www.iespedromunozseca.es\/index.php?rest_route=\/wp\/v2\/posts"}],"about":[{"href":"https:\/\/www.iespedromunozseca.es\/index.php?rest_route=\/wp\/v2\/types\/post"}],"author":[{"embeddable":true,"href":"https:\/\/www.iespedromunozseca.es\/index.php?rest_route=\/wp\/v2\/users\/1"}],"replies":[{"embeddable":true,"href":"https:\/\/www.iespedromunozseca.es\/index.php?rest_route=%2Fwp%2Fv2%2Fcomments&post=4629"}],"version-history":[{"count":2,"href":"https:\/\/www.iespedromunozseca.es\/index.php?rest_route=\/wp\/v2\/posts\/4629\/revisions"}],"predecessor-version":[{"id":4632,"href":"https:\/\/www.iespedromunozseca.es\/index.php?rest_route=\/wp\/v2\/posts\/4629\/revisions\/4632"}],"wp:attachment":[{"href":"https:\/\/www.iespedromunozseca.es\/index.php?rest_route=%2Fwp%2Fv2%2Fmedia&parent=4629"}],"wp:term":[{"taxonomy":"category","embeddable":true,"href":"https:\/\/www.iespedromunozseca.es\/index.php?rest_route=%2Fwp%2Fv2%2Fcategories&post=4629"},{"taxonomy":"post_tag","embeddable":true,"href":"https:\/\/www.iespedromunozseca.es\/index.php?rest_route=%2Fwp%2Fv2%2Ftags&post=4629"}],"curies":[{"name":"wp","href":"https:\/\/api.w.org\/{rel}","templated":true}]}}