{"id":4613,"date":"2016-05-23T10:40:58","date_gmt":"2016-05-23T08:40:58","guid":{"rendered":"http:\/\/www.iespedromunozseca.es\/?p=4613"},"modified":"2016-05-26T08:31:30","modified_gmt":"2016-05-26T06:31:30","slug":"carrera-contra-el-hambre","status":"publish","type":"post","link":"https:\/\/www.iespedromunozseca.es\/?p=4613","title":{"rendered":"Carrera Contra el Hambre"},"content":{"rendered":"<p>El dia 20 de Mayo se realizo una carrera a favor de la ONG \u00abAcci\u00f3n Contra el Hambre\u00bb en la que participaron alumnos de ESO y 1\u00ba de Bachillerato de nuestro IES. Los alumnos de 2\u00ba de Bachillerato y Ciclos Formativos no pudieron partipar por encontrarse en periodo de ex\u00e1menes. El dinero recaudado se enviar\u00e1 en esta semana a dicha ONG. La participaci\u00f3n fue muy numerosa y la actitud del alumnado muy positiva.<div id='gallery-1' class='gallery galleryid-4613 gallery-columns-2 gallery-size-thumbnail'><figure class='gallery-item'>\n\t\t\t<div class='gallery-icon landscape'>\n\t\t\t\t<a href='https:\/\/www.iespedromunozseca.es\/wp-content\/uploads\/2016\/05\/423826285_82477.jpg'><img width=\"150\" height=\"150\" src=\"https:\/\/www.iespedromunozseca.es\/wp-content\/uploads\/2016\/05\/423826285_82477-150x150.jpg\" class=\"attachment-thumbnail size-thumbnail\" alt=\"\" decoding=\"async\" loading=\"lazy\" \/><\/a>\n\t\t\t<\/div><\/figure><figure class='gallery-item'>\n\t\t\t<div class='gallery-icon landscape'>\n\t\t\t\t<a href='https:\/\/www.iespedromunozseca.es\/wp-content\/uploads\/2016\/05\/811111073_23661.jpg'><img width=\"150\" height=\"150\" src=\"https:\/\/www.iespedromunozseca.es\/wp-content\/uploads\/2016\/05\/811111073_23661-150x150.jpg\" class=\"attachment-thumbnail size-thumbnail\" alt=\"\" decoding=\"async\" loading=\"lazy\" \/><\/a>\n\t\t\t<\/div><\/figure><figure class='gallery-item'>\n\t\t\t<div class='gallery-icon landscape'>\n\t\t\t\t<a href='https:\/\/www.iespedromunozseca.es\/wp-content\/uploads\/2016\/05\/811721691_19597.jpg'><img width=\"150\" height=\"150\" src=\"https:\/\/www.iespedromunozseca.es\/wp-content\/uploads\/2016\/05\/811721691_19597-150x150.jpg\" class=\"attachment-thumbnail size-thumbnail\" alt=\"\" decoding=\"async\" loading=\"lazy\" \/><\/a>\n\t\t\t<\/div><\/figure><figure class='gallery-item'>\n\t\t\t<div class='gallery-icon landscape'>\n\t\t\t\t<a href='https:\/\/www.iespedromunozseca.es\/wp-content\/uploads\/2016\/05\/814435267_125385.jpg'><img width=\"150\" height=\"150\" src=\"https:\/\/www.iespedromunozseca.es\/wp-content\/uploads\/2016\/05\/814435267_125385-150x150.jpg\" class=\"attachment-thumbnail size-thumbnail\" alt=\"\" decoding=\"async\" loading=\"lazy\" \/><\/a>\n\t\t\t<\/div><\/figure>\n\t\t<\/div>\n<\/p>\n","protected":false},"excerpt":{"rendered":"<p>El dia 20 de Mayo se realizo una carrera a favor de la ONG \u00abAcci\u00f3n Contra el Hambre\u00bb en la que participaron alumnos de ESO y 1\u00ba de Bachillerato de nuestro IES. Los alumnos de 2\u00ba de Bachillerato y Ciclos Formativos no pudieron partipar por encontrarse en periodo de ex\u00e1menes. El dinero recaudado se enviar\u00e1 en esta semana a dicha ONG. La participaci\u00f3n fue muy numerosa y la actitud del alumnado muy positiva.<\/p>\n","protected":false},"author":1,"featured_media":0,"comment_status":"closed","ping_status":"open","sticky":false,"template":"","format":"standard","meta":[],"categories":[1],"tags":[],"_links":{"self":[{"href":"https:\/\/www.iespedromunozseca.es\/index.php?rest_route=\/wp\/v2\/posts\/4613"}],"collection":[{"href":"https:\/\/www.iespedromunozseca.es\/index.php?rest_route=\/wp\/v2\/posts"}],"about":[{"href":"https:\/\/www.iespedromunozseca.es\/index.php?rest_route=\/wp\/v2\/types\/post"}],"author":[{"embeddable":true,"href":"https:\/\/www.iespedromunozseca.es\/index.php?rest_route=\/wp\/v2\/users\/1"}],"replies":[{"embeddable":true,"href":"https:\/\/www.iespedromunozseca.es\/index.php?rest_route=%2Fwp%2Fv2%2Fcomments&post=4613"}],"version-history":[{"count":3,"href":"https:\/\/www.iespedromunozseca.es\/index.php?rest_route=\/wp\/v2\/posts\/4613\/revisions"}],"predecessor-version":[{"id":4625,"href":"https:\/\/www.iespedromunozseca.es\/index.php?rest_route=\/wp\/v2\/posts\/4613\/revisions\/4625"}],"wp:attachment":[{"href":"https:\/\/www.iespedromunozseca.es\/index.php?rest_route=%2Fwp%2Fv2%2Fmedia&parent=4613"}],"wp:term":[{"taxonomy":"category","embeddable":true,"href":"https:\/\/www.iespedromunozseca.es\/index.php?rest_route=%2Fwp%2Fv2%2Fcategories&post=4613"},{"taxonomy":"post_tag","embeddable":true,"href":"https:\/\/www.iespedromunozseca.es\/index.php?rest_route=%2Fwp%2Fv2%2Ftags&post=4613"}],"curies":[{"name":"wp","href":"https:\/\/api.w.org\/{rel}","templated":true}]}}