{"id":4578,"date":"2016-04-28T11:49:06","date_gmt":"2016-04-28T09:49:06","guid":{"rendered":"http:\/\/www.iespedromunozseca.es\/?p=4578"},"modified":"2016-04-28T11:49:06","modified_gmt":"2016-04-28T09:49:06","slug":"feria-del-libro","status":"publish","type":"post","link":"https:\/\/www.iespedromunozseca.es\/?p=4578","title":{"rendered":"Feria del libro"},"content":{"rendered":"<p>La semana pasada, los Departamentos de Lengua Castellana y Literatura, Educaci\u00f3n Pl\u00e1stica y Visual, Ingl\u00e9s y Franc\u00e9s, con la colaboraci\u00f3n de los alumnos del centro, han organizado una serie de actividades para celebrar el D\u00eda del Libro, en laque adem\u00e1s se conmemora el IV Aniversario del fallecimiento de Miguel de Cervantes y de William Shakespeare. Como se puede observar en las fotograf\u00edas, se han realizado distintos murales en los que aparecen con citas famosas de ambos autores y aspectos destacados de su biograf\u00eda y de su obra literaria. Adem\u00e1s, se han montado dos exposiciones usando carteles de cine; una dedicada a la obra de Cervantes y otra, a la de Shakespeare. Como novedad, y que ha contado con mucha aceptaci\u00f3n, se ha realizado un photocall, representando las figuras de estos dos insignes autores.<\/p>\n<div id='gallery-1' class='gallery galleryid-4578 gallery-columns-3 gallery-size-thumbnail'><figure class='gallery-item'>\n\t\t\t<div class='gallery-icon landscape'>\n\t\t\t\t<a href='https:\/\/www.iespedromunozseca.es\/wp-content\/uploads\/2016\/04\/20160422_132507.jpg'><img width=\"150\" height=\"150\" src=\"https:\/\/www.iespedromunozseca.es\/wp-content\/uploads\/2016\/04\/20160422_132507-150x150.jpg\" class=\"attachment-thumbnail size-thumbnail\" alt=\"\" decoding=\"async\" loading=\"lazy\" \/><\/a>\n\t\t\t<\/div><\/figure><figure class='gallery-item'>\n\t\t\t<div class='gallery-icon landscape'>\n\t\t\t\t<a href='https:\/\/www.iespedromunozseca.es\/wp-content\/uploads\/2016\/04\/20160422_132526.jpg'><img width=\"150\" height=\"150\" src=\"https:\/\/www.iespedromunozseca.es\/wp-content\/uploads\/2016\/04\/20160422_132526-150x150.jpg\" class=\"attachment-thumbnail size-thumbnail\" alt=\"\" decoding=\"async\" loading=\"lazy\" \/><\/a>\n\t\t\t<\/div><\/figure><figure class='gallery-item'>\n\t\t\t<div class='gallery-icon landscape'>\n\t\t\t\t<a href='https:\/\/www.iespedromunozseca.es\/wp-content\/uploads\/2016\/04\/20160422_132544.jpg'><img width=\"150\" height=\"150\" src=\"https:\/\/www.iespedromunozseca.es\/wp-content\/uploads\/2016\/04\/20160422_132544-150x150.jpg\" class=\"attachment-thumbnail size-thumbnail\" alt=\"\" decoding=\"async\" loading=\"lazy\" \/><\/a>\n\t\t\t<\/div><\/figure><figure class='gallery-item'>\n\t\t\t<div class='gallery-icon landscape'>\n\t\t\t\t<a href='https:\/\/www.iespedromunozseca.es\/wp-content\/uploads\/2016\/04\/20160422_132554.jpg'><img width=\"150\" height=\"150\" src=\"https:\/\/www.iespedromunozseca.es\/wp-content\/uploads\/2016\/04\/20160422_132554-150x150.jpg\" class=\"attachment-thumbnail size-thumbnail\" alt=\"\" decoding=\"async\" loading=\"lazy\" \/><\/a>\n\t\t\t<\/div><\/figure><figure class='gallery-item'>\n\t\t\t<div class='gallery-icon landscape'>\n\t\t\t\t<a href='https:\/\/www.iespedromunozseca.es\/wp-content\/uploads\/2016\/04\/20160422_132609.jpg'><img width=\"150\" height=\"150\" src=\"https:\/\/www.iespedromunozseca.es\/wp-content\/uploads\/2016\/04\/20160422_132609-150x150.jpg\" class=\"attachment-thumbnail size-thumbnail\" alt=\"\" decoding=\"async\" loading=\"lazy\" \/><\/a>\n\t\t\t<\/div><\/figure>\n\t\t<\/div>\n\n","protected":false},"excerpt":{"rendered":"<p>La semana pasada, los Departamentos de Lengua Castellana y Literatura, Educaci\u00f3n Pl\u00e1stica y Visual, Ingl\u00e9s y Franc\u00e9s, con la colaboraci\u00f3n de los alumnos del centro, han organizado una serie de actividades para celebrar el D\u00eda del Libro, en laque adem\u00e1s se conmemora el IV Aniversario del fallecimiento de Miguel de Cervantes y de William Shakespeare. Como se puede observar en las fotograf\u00edas, se han realizado distintos murales en los que aparecen con citas famosas de ambos autores y aspectos destacados&#8230;<\/p>\n<p class=\"read-more\"><a class=\"btn btn-default\" href=\"https:\/\/www.iespedromunozseca.es\/?p=4578\"> Leer m\u00e1s<span class=\"screen-reader-text\">  Leer m\u00e1s<\/span><\/a><\/p>\n","protected":false},"author":1,"featured_media":0,"comment_status":"open","ping_status":"open","sticky":false,"template":"","format":"standard","meta":[],"categories":[26],"tags":[],"_links":{"self":[{"href":"https:\/\/www.iespedromunozseca.es\/index.php?rest_route=\/wp\/v2\/posts\/4578"}],"collection":[{"href":"https:\/\/www.iespedromunozseca.es\/index.php?rest_route=\/wp\/v2\/posts"}],"about":[{"href":"https:\/\/www.iespedromunozseca.es\/index.php?rest_route=\/wp\/v2\/types\/post"}],"author":[{"embeddable":true,"href":"https:\/\/www.iespedromunozseca.es\/index.php?rest_route=\/wp\/v2\/users\/1"}],"replies":[{"embeddable":true,"href":"https:\/\/www.iespedromunozseca.es\/index.php?rest_route=%2Fwp%2Fv2%2Fcomments&post=4578"}],"version-history":[{"count":4,"href":"https:\/\/www.iespedromunozseca.es\/index.php?rest_route=\/wp\/v2\/posts\/4578\/revisions"}],"predecessor-version":[{"id":4595,"href":"https:\/\/www.iespedromunozseca.es\/index.php?rest_route=\/wp\/v2\/posts\/4578\/revisions\/4595"}],"wp:attachment":[{"href":"https:\/\/www.iespedromunozseca.es\/index.php?rest_route=%2Fwp%2Fv2%2Fmedia&parent=4578"}],"wp:term":[{"taxonomy":"category","embeddable":true,"href":"https:\/\/www.iespedromunozseca.es\/index.php?rest_route=%2Fwp%2Fv2%2Fcategories&post=4578"},{"taxonomy":"post_tag","embeddable":true,"href":"https:\/\/www.iespedromunozseca.es\/index.php?rest_route=%2Fwp%2Fv2%2Ftags&post=4578"}],"curies":[{"name":"wp","href":"https:\/\/api.w.org\/{rel}","templated":true}]}}