{"id":4573,"date":"2016-04-28T10:26:45","date_gmt":"2016-04-28T08:26:45","guid":{"rendered":"http:\/\/www.iespedromunozseca.es\/?p=4573"},"modified":"2016-04-28T10:26:45","modified_gmt":"2016-04-28T08:26:45","slug":"concurso-de-fotografia-%e2%80%9cnaturaleza-y-medio-ambiente%e2%80%9d","status":"publish","type":"post","link":"https:\/\/www.iespedromunozseca.es\/?p=4573","title":{"rendered":"Concurso de fotograf\u00eda \u201cNATURALEZA Y MEDIO AMBIENTE\u201d"},"content":{"rendered":"<p>El Departamento de F\u00edsica y Qu\u00edmica, con motivo de la realizaci\u00f3n de la UDI realizada en la \u00faltimas semanas del mes de abril, ha organizado un concurso de fotograf\u00eda, usando como tem\u00e1tica el medio natural. Aqu\u00ed os dejamos las fotos seleccionadas. \u00a1Felicidades a los alumnos premiados!<\/p>\n<p><span>1\u00ba Premio a la foto m\u00e1s original: Cristina Bascu\u00f1ana Le\u00f3n. \u00abDe compras en el super\u00bb<\/span><\/p>\n<figure id=\"attachment_4574\" aria-describedby=\"caption-attachment-4574\" style=\"width: 788px\" class=\"wp-caption aligncenter\"><a href=\"http:\/\/www.iespedromunozseca.es\/wp-content\/uploads\/2016\/04\/de-compras-en-el-super.jpg\"><img decoding=\"async\" loading=\"lazy\" class=\"size-large wp-image-4574\" title=\"de-compras-en-el-super\" src=\"http:\/\/www.iespedromunozseca.es\/wp-content\/uploads\/2016\/04\/de-compras-en-el-super-788x1024.jpg\" alt=\"de-compras-en-el-super\" width=\"788\" height=\"1024\" srcset=\"https:\/\/www.iespedromunozseca.es\/wp-content\/uploads\/2016\/04\/de-compras-en-el-super-788x1024.jpg 788w, https:\/\/www.iespedromunozseca.es\/wp-content\/uploads\/2016\/04\/de-compras-en-el-super-230x300.jpg 230w, https:\/\/www.iespedromunozseca.es\/wp-content\/uploads\/2016\/04\/de-compras-en-el-super.jpg 1080w\" sizes=\"(max-width: 788px) 100vw, 788px\" \/><\/a><figcaption id=\"caption-attachment-4574\" class=\"wp-caption-text\">De compras en el super<\/figcaption><\/figure>\n<p style=\"text-align: center;\">\n<p>2\u00ba Premio a la foto m\u00e1s original: Marina S\u00e1nchez Guti\u00e9rrez. \u00abGota de roc\u00edo\u00bb<\/p>\n<figure id=\"attachment_4575\" aria-describedby=\"caption-attachment-4575\" style=\"width: 768px\" class=\"wp-caption aligncenter\"><a href=\"http:\/\/www.iespedromunozseca.es\/wp-content\/uploads\/2016\/04\/gota-de-rocicc81o.jpg\"><img decoding=\"async\" loading=\"lazy\" class=\"size-large wp-image-4575\" title=\"gota-de-rocicc81o\" src=\"http:\/\/www.iespedromunozseca.es\/wp-content\/uploads\/2016\/04\/gota-de-rocicc81o-768x1024.jpg\" alt=\"Gota de roc\u00edo\" width=\"768\" height=\"1024\" srcset=\"https:\/\/www.iespedromunozseca.es\/wp-content\/uploads\/2016\/04\/gota-de-rocicc81o-768x1024.jpg 768w, https:\/\/www.iespedromunozseca.es\/wp-content\/uploads\/2016\/04\/gota-de-rocicc81o-225x300.jpg 225w, https:\/\/www.iespedromunozseca.es\/wp-content\/uploads\/2016\/04\/gota-de-rocicc81o.jpg 1799w\" sizes=\"(max-width: 768px) 100vw, 768px\" \/><\/a><figcaption id=\"caption-attachment-4575\" class=\"wp-caption-text\">Gota de roc\u00edo<\/figcaption><\/figure>\n<p>1\u00ba Premio a la mejor foto art\u00edstica: Adri\u00e1n T\u00e9llez Gal\u00e1n.<\/p>\n<p style=\"text-align: center;\"><a href=\"http:\/\/www.iespedromunozseca.es\/wp-content\/uploads\/2016\/04\/dscn4539.jpg\"><img decoding=\"async\" loading=\"lazy\" class=\"aligncenter size-large wp-image-4576\" title=\"dscn4539\" src=\"http:\/\/www.iespedromunozseca.es\/wp-content\/uploads\/2016\/04\/dscn4539-1024x768.jpg\" alt=\"dscn4539\" width=\"717\" height=\"538\" srcset=\"https:\/\/www.iespedromunozseca.es\/wp-content\/uploads\/2016\/04\/dscn4539-1024x768.jpg 1024w, https:\/\/www.iespedromunozseca.es\/wp-content\/uploads\/2016\/04\/dscn4539-300x225.jpg 300w\" sizes=\"(max-width: 717px) 100vw, 717px\" \/><\/a><\/p>\n<p>2\u00ba Premio a la mejor foto art\u00edstica: Adri\u00e1n T\u00e9llez Gal\u00e1n.<\/p>\n<p style=\"text-align: center;\"><a href=\"http:\/\/www.iespedromunozseca.es\/wp-content\/uploads\/2016\/04\/dscn4583.jpg\"><img decoding=\"async\" loading=\"lazy\" class=\"aligncenter size-large wp-image-4580\" title=\"dscn4583\" src=\"http:\/\/www.iespedromunozseca.es\/wp-content\/uploads\/2016\/04\/dscn4583-1024x768.jpg\" alt=\"dscn4583\" width=\"717\" height=\"538\" srcset=\"https:\/\/www.iespedromunozseca.es\/wp-content\/uploads\/2016\/04\/dscn4583-1024x768.jpg 1024w, https:\/\/www.iespedromunozseca.es\/wp-content\/uploads\/2016\/04\/dscn4583-300x225.jpg 300w\" sizes=\"(max-width: 717px) 100vw, 717px\" \/><\/a><\/p>\n","protected":false},"excerpt":{"rendered":"<p>El Departamento de F\u00edsica y Qu\u00edmica, con motivo de la realizaci\u00f3n de la UDI realizada en la \u00faltimas semanas del mes de abril, ha organizado un concurso de fotograf\u00eda, usando como tem\u00e1tica el medio natural. Aqu\u00ed os dejamos las fotos seleccionadas. \u00a1Felicidades a los alumnos premiados! 1\u00ba Premio a la foto m\u00e1s original: Cristina Bascu\u00f1ana Le\u00f3n. \u00abDe compras en el super\u00bb 2\u00ba Premio a la foto m\u00e1s original: Marina S\u00e1nchez Guti\u00e9rrez. \u00abGota de roc\u00edo\u00bb 1\u00ba Premio a la mejor foto&#8230;<\/p>\n<p class=\"read-more\"><a class=\"btn btn-default\" href=\"https:\/\/www.iespedromunozseca.es\/?p=4573\"> Leer m\u00e1s<span class=\"screen-reader-text\">  Leer m\u00e1s<\/span><\/a><\/p>\n","protected":false},"author":1,"featured_media":0,"comment_status":"open","ping_status":"open","sticky":false,"template":"","format":"standard","meta":[],"categories":[49,26,20],"tags":[],"_links":{"self":[{"href":"https:\/\/www.iespedromunozseca.es\/index.php?rest_route=\/wp\/v2\/posts\/4573"}],"collection":[{"href":"https:\/\/www.iespedromunozseca.es\/index.php?rest_route=\/wp\/v2\/posts"}],"about":[{"href":"https:\/\/www.iespedromunozseca.es\/index.php?rest_route=\/wp\/v2\/types\/post"}],"author":[{"embeddable":true,"href":"https:\/\/www.iespedromunozseca.es\/index.php?rest_route=\/wp\/v2\/users\/1"}],"replies":[{"embeddable":true,"href":"https:\/\/www.iespedromunozseca.es\/index.php?rest_route=%2Fwp%2Fv2%2Fcomments&post=4573"}],"version-history":[{"count":5,"href":"https:\/\/www.iespedromunozseca.es\/index.php?rest_route=\/wp\/v2\/posts\/4573\/revisions"}],"predecessor-version":[{"id":4584,"href":"https:\/\/www.iespedromunozseca.es\/index.php?rest_route=\/wp\/v2\/posts\/4573\/revisions\/4584"}],"wp:attachment":[{"href":"https:\/\/www.iespedromunozseca.es\/index.php?rest_route=%2Fwp%2Fv2%2Fmedia&parent=4573"}],"wp:term":[{"taxonomy":"category","embeddable":true,"href":"https:\/\/www.iespedromunozseca.es\/index.php?rest_route=%2Fwp%2Fv2%2Fcategories&post=4573"},{"taxonomy":"post_tag","embeddable":true,"href":"https:\/\/www.iespedromunozseca.es\/index.php?rest_route=%2Fwp%2Fv2%2Ftags&post=4573"}],"curies":[{"name":"wp","href":"https:\/\/api.w.org\/{rel}","templated":true}]}}