{"id":4568,"date":"2016-04-20T11:39:34","date_gmt":"2016-04-20T09:39:34","guid":{"rendered":"http:\/\/www.iespedromunozseca.es\/?p=4568"},"modified":"2016-04-20T11:39:34","modified_gmt":"2016-04-20T09:39:34","slug":"visita-de-los-alumnos-de-2%c2%ba-de-bachillerato-a-la-exposicion-dedicada-a-las-victimas-del-franquismo-en-andalucia-en-el-antiguo-penal-del-puerto-de-santa-maria","status":"publish","type":"post","link":"https:\/\/www.iespedromunozseca.es\/?p=4568","title":{"rendered":"Visita de los alumnos de 2\u00ba de Bachillerato a la exposici\u00f3n dedicada a las v\u00edctimas del franquismo en Andaluc\u00eda en el antiguo Penal del Puerto de Santa Mar\u00eda"},"content":{"rendered":"<p>El pasado lunes \u00a011 de abril, nuestros alumnos de 2\u00ba de Bachillerato acudieron, con motivo de la celebraci\u00f3n de dicha exposici\u00f3n, \u00a0 a una charla coloquio, donde escucharon el testimonio de personas que estuvieron presas por sus ideas en c\u00e1rceles franquistas, pertenecientes a los colectivos &#8216;Memoria, libertad y cultura democr\u00e1tica&#8217; y &#8216;La Comuna&#8217;, de Madrid. Adem\u00e1s de visitar la exposici\u00f3n y participar muy activamente en el coloquio, \u00a0nuestros alumnos tuvieron la ocasi\u00f3n de visitar las celdas que se han conservado del antiguo Penal.<\/p>\n<p style=\"text-align: center;\"><a href=\"http:\/\/www.iespedromunozseca.es\/wp-content\/uploads\/2016\/04\/20160411_112358.jpg\"><img decoding=\"async\" loading=\"lazy\" class=\"aligncenter size-large wp-image-4569\" title=\"20160411_112358\" src=\"http:\/\/www.iespedromunozseca.es\/wp-content\/uploads\/2016\/04\/20160411_112358-1023x591.jpg\" alt=\"20160411_112358\" width=\"716\" height=\"414\" srcset=\"https:\/\/www.iespedromunozseca.es\/wp-content\/uploads\/2016\/04\/20160411_112358-1023x591.jpg 1023w, https:\/\/www.iespedromunozseca.es\/wp-content\/uploads\/2016\/04\/20160411_112358-300x173.jpg 300w\" sizes=\"(max-width: 716px) 100vw, 716px\" \/><\/a><\/p>\n","protected":false},"excerpt":{"rendered":"<p>El pasado lunes \u00a011 de abril, nuestros alumnos de 2\u00ba de Bachillerato acudieron, con motivo de la celebraci\u00f3n de dicha exposici\u00f3n, \u00a0 a una charla coloquio, donde escucharon el testimonio de personas que estuvieron presas por sus ideas en c\u00e1rceles franquistas, pertenecientes a los colectivos &#8216;Memoria, libertad y cultura democr\u00e1tica&#8217; y &#8216;La Comuna&#8217;, de Madrid. Adem\u00e1s de visitar la exposici\u00f3n y participar muy activamente en el coloquio, \u00a0nuestros alumnos tuvieron la ocasi\u00f3n de visitar las celdas que se han conservado&#8230;<\/p>\n<p class=\"read-more\"><a class=\"btn btn-default\" href=\"https:\/\/www.iespedromunozseca.es\/?p=4568\"> Leer m\u00e1s<span class=\"screen-reader-text\">  Leer m\u00e1s<\/span><\/a><\/p>\n","protected":false},"author":1,"featured_media":0,"comment_status":"open","ping_status":"open","sticky":false,"template":"","format":"standard","meta":[],"categories":[42,26],"tags":[],"_links":{"self":[{"href":"https:\/\/www.iespedromunozseca.es\/index.php?rest_route=\/wp\/v2\/posts\/4568"}],"collection":[{"href":"https:\/\/www.iespedromunozseca.es\/index.php?rest_route=\/wp\/v2\/posts"}],"about":[{"href":"https:\/\/www.iespedromunozseca.es\/index.php?rest_route=\/wp\/v2\/types\/post"}],"author":[{"embeddable":true,"href":"https:\/\/www.iespedromunozseca.es\/index.php?rest_route=\/wp\/v2\/users\/1"}],"replies":[{"embeddable":true,"href":"https:\/\/www.iespedromunozseca.es\/index.php?rest_route=%2Fwp%2Fv2%2Fcomments&post=4568"}],"version-history":[{"count":3,"href":"https:\/\/www.iespedromunozseca.es\/index.php?rest_route=\/wp\/v2\/posts\/4568\/revisions"}],"predecessor-version":[{"id":4572,"href":"https:\/\/www.iespedromunozseca.es\/index.php?rest_route=\/wp\/v2\/posts\/4568\/revisions\/4572"}],"wp:attachment":[{"href":"https:\/\/www.iespedromunozseca.es\/index.php?rest_route=%2Fwp%2Fv2%2Fmedia&parent=4568"}],"wp:term":[{"taxonomy":"category","embeddable":true,"href":"https:\/\/www.iespedromunozseca.es\/index.php?rest_route=%2Fwp%2Fv2%2Fcategories&post=4568"},{"taxonomy":"post_tag","embeddable":true,"href":"https:\/\/www.iespedromunozseca.es\/index.php?rest_route=%2Fwp%2Fv2%2Ftags&post=4568"}],"curies":[{"name":"wp","href":"https:\/\/api.w.org\/{rel}","templated":true}]}}