{"id":4549,"date":"2016-04-14T13:50:05","date_gmt":"2016-04-14T11:50:05","guid":{"rendered":"http:\/\/www.iespedromunozseca.es\/?p=4549"},"modified":"2016-04-14T13:50:05","modified_gmt":"2016-04-14T11:50:05","slug":"semana-de-la-naturaleza","status":"publish","type":"post","link":"https:\/\/www.iespedromunozseca.es\/?p=4549","title":{"rendered":"Semana de la Naturaleza"},"content":{"rendered":"<p>Durante la semana del 14 al 18 de Marzo se ha celebrado en nuestro instituto la semana de la Unidad Did\u00e1ctica Integrada dedicada a la Naturaleza. Se ha realizado multitud de actividades, entre ellas, conferencias sobre\u00a0\u201cEspacios naturales protegidos\u201d, \u201cImpacto del turismo en los espacios protegidos\u201d, \u00a0\u201cFotograf\u00eda Submarina\u201d, \u201cProtecci\u00f3n solar\u201d y \u201cEsperanza de vida por zona geogr\u00e1fica\u201d; visionado en v. o. de las pel\u00edculas \u201cDr. Doolitle\u201d y \u201cThe Revenant\u201d; talleres de \u00abOrganizadores y estuches\u00bb y Gymkana a trav\u00e9s del \u00abProyecto Recapacicla\u00bb y cuentacuentos.<\/p>\n<p>El jueves nos trasladamos al Parque Metropolitano Marisma de los Toru\u00f1os donde celebramos un d\u00eda de convivencia en este hermoso entorno natural. Muchos de nuestros alumnos y profesores acudieron hasta all\u00ed desde el instituto en bicicleta y otros se desplazaron andando. All\u00ed se realizaron juegos organizados por alumnos y profesores y un paseo por el parque.<\/p>\n<div id='gallery-1' class='gallery galleryid-4549 gallery-columns-2 gallery-size-thumbnail'><figure class='gallery-item'>\n\t\t\t<div class='gallery-icon landscape'>\n\t\t\t\t<a href='https:\/\/www.iespedromunozseca.es\/wp-content\/uploads\/2016\/03\/img-20160317-wa0001.jpg'><img width=\"150\" height=\"150\" src=\"https:\/\/www.iespedromunozseca.es\/wp-content\/uploads\/2016\/03\/img-20160317-wa0001-150x150.jpg\" class=\"attachment-thumbnail size-thumbnail\" alt=\"\" decoding=\"async\" loading=\"lazy\" \/><\/a>\n\t\t\t<\/div><\/figure><figure class='gallery-item'>\n\t\t\t<div class='gallery-icon landscape'>\n\t\t\t\t<a href='https:\/\/www.iespedromunozseca.es\/wp-content\/uploads\/2016\/03\/img_5800.jpg'><img width=\"150\" height=\"150\" src=\"https:\/\/www.iespedromunozseca.es\/wp-content\/uploads\/2016\/03\/img_5800-150x150.jpg\" class=\"attachment-thumbnail size-thumbnail\" alt=\"\" decoding=\"async\" loading=\"lazy\" \/><\/a>\n\t\t\t<\/div><\/figure><figure class='gallery-item'>\n\t\t\t<div class='gallery-icon landscape'>\n\t\t\t\t<a href='https:\/\/www.iespedromunozseca.es\/wp-content\/uploads\/2016\/03\/img_5804.jpg'><img width=\"150\" height=\"150\" src=\"https:\/\/www.iespedromunozseca.es\/wp-content\/uploads\/2016\/03\/img_5804-150x150.jpg\" class=\"attachment-thumbnail size-thumbnail\" alt=\"\" decoding=\"async\" loading=\"lazy\" \/><\/a>\n\t\t\t<\/div><\/figure><figure class='gallery-item'>\n\t\t\t<div class='gallery-icon landscape'>\n\t\t\t\t<a href='https:\/\/www.iespedromunozseca.es\/wp-content\/uploads\/2016\/03\/img_5806.jpg'><img width=\"150\" height=\"150\" src=\"https:\/\/www.iespedromunozseca.es\/wp-content\/uploads\/2016\/03\/img_5806-150x150.jpg\" class=\"attachment-thumbnail size-thumbnail\" alt=\"\" decoding=\"async\" loading=\"lazy\" \/><\/a>\n\t\t\t<\/div><\/figure><figure class='gallery-item'>\n\t\t\t<div class='gallery-icon landscape'>\n\t\t\t\t<a href='https:\/\/www.iespedromunozseca.es\/wp-content\/uploads\/2016\/03\/img_5818.jpg'><img width=\"150\" height=\"150\" src=\"https:\/\/www.iespedromunozseca.es\/wp-content\/uploads\/2016\/03\/img_5818-150x150.jpg\" class=\"attachment-thumbnail size-thumbnail\" alt=\"\" decoding=\"async\" loading=\"lazy\" \/><\/a>\n\t\t\t<\/div><\/figure>\n\t\t<\/div>\n\n","protected":false},"excerpt":{"rendered":"<p>Durante la semana del 14 al 18 de Marzo se ha celebrado en nuestro instituto la semana de la Unidad Did\u00e1ctica Integrada dedicada a la Naturaleza. Se ha realizado multitud de actividades, entre ellas, conferencias sobre\u00a0\u201cEspacios naturales protegidos\u201d, \u201cImpacto del turismo en los espacios protegidos\u201d, \u00a0\u201cFotograf\u00eda Submarina\u201d, \u201cProtecci\u00f3n solar\u201d y \u201cEsperanza de vida por zona geogr\u00e1fica\u201d; visionado en v. o. de las pel\u00edculas \u201cDr. Doolitle\u201d y \u201cThe Revenant\u201d; talleres de \u00abOrganizadores y estuches\u00bb y Gymkana a trav\u00e9s del \u00abProyecto Recapacicla\u00bb&#8230;<\/p>\n<p class=\"read-more\"><a class=\"btn btn-default\" href=\"https:\/\/www.iespedromunozseca.es\/?p=4549\"> Leer m\u00e1s<span class=\"screen-reader-text\">  Leer m\u00e1s<\/span><\/a><\/p>\n","protected":false},"author":1,"featured_media":0,"comment_status":"closed","ping_status":"open","sticky":false,"template":"","format":"standard","meta":[],"categories":[1],"tags":[],"_links":{"self":[{"href":"https:\/\/www.iespedromunozseca.es\/index.php?rest_route=\/wp\/v2\/posts\/4549"}],"collection":[{"href":"https:\/\/www.iespedromunozseca.es\/index.php?rest_route=\/wp\/v2\/posts"}],"about":[{"href":"https:\/\/www.iespedromunozseca.es\/index.php?rest_route=\/wp\/v2\/types\/post"}],"author":[{"embeddable":true,"href":"https:\/\/www.iespedromunozseca.es\/index.php?rest_route=\/wp\/v2\/users\/1"}],"replies":[{"embeddable":true,"href":"https:\/\/www.iespedromunozseca.es\/index.php?rest_route=%2Fwp%2Fv2%2Fcomments&post=4549"}],"version-history":[{"count":4,"href":"https:\/\/www.iespedromunozseca.es\/index.php?rest_route=\/wp\/v2\/posts\/4549\/revisions"}],"predecessor-version":[{"id":4567,"href":"https:\/\/www.iespedromunozseca.es\/index.php?rest_route=\/wp\/v2\/posts\/4549\/revisions\/4567"}],"wp:attachment":[{"href":"https:\/\/www.iespedromunozseca.es\/index.php?rest_route=%2Fwp%2Fv2%2Fmedia&parent=4549"}],"wp:term":[{"taxonomy":"category","embeddable":true,"href":"https:\/\/www.iespedromunozseca.es\/index.php?rest_route=%2Fwp%2Fv2%2Fcategories&post=4549"},{"taxonomy":"post_tag","embeddable":true,"href":"https:\/\/www.iespedromunozseca.es\/index.php?rest_route=%2Fwp%2Fv2%2Ftags&post=4549"}],"curies":[{"name":"wp","href":"https:\/\/api.w.org\/{rel}","templated":true}]}}