{"id":4544,"date":"2016-03-07T20:02:46","date_gmt":"2016-03-07T18:02:46","guid":{"rendered":"http:\/\/www.iespedromunozseca.es\/?p=4544"},"modified":"2016-03-07T20:02:46","modified_gmt":"2016-03-07T18:02:46","slug":"dia-de-andalucia","status":"publish","type":"post","link":"https:\/\/www.iespedromunozseca.es\/?p=4544","title":{"rendered":"D\u00eda de Andaluc\u00eda"},"content":{"rendered":"<p>El pasado d\u00eda 25 de febrero nuestro centro celebr\u00f3 el D\u00eda de Andaluc\u00eda. Alumnos y profesores \u00a0disfrutaron de \u00a0un chocolate con churros. Adem\u00e1s, los alumnos de 1\u00ba, 2\u00ba y 3\u00ba ESO y de Formaci\u00f3n Profesional B\u00e1sica, elaboraron un mapa de Andaluc\u00eda, en el que aparece lo m\u00e1s relevante de cada provincia andaluza.<\/p>\n<p style=\"text-align: center;\"><a href=\"http:\/\/www.iespedromunozseca.es\/wp-content\/uploads\/2016\/03\/20160225_115529.jpg\"><img decoding=\"async\" loading=\"lazy\" class=\"aligncenter size-large wp-image-4545\" title=\"20160225_115529\" src=\"http:\/\/www.iespedromunozseca.es\/wp-content\/uploads\/2016\/03\/20160225_115529-1024x614.jpg\" alt=\"20160225_115529\" width=\"717\" height=\"430\" srcset=\"https:\/\/www.iespedromunozseca.es\/wp-content\/uploads\/2016\/03\/20160225_115529-1024x614.jpg 1024w, https:\/\/www.iespedromunozseca.es\/wp-content\/uploads\/2016\/03\/20160225_115529-300x180.jpg 300w\" sizes=\"(max-width: 717px) 100vw, 717px\" \/><\/a><\/p>\n","protected":false},"excerpt":{"rendered":"<p>El pasado d\u00eda 25 de febrero nuestro centro celebr\u00f3 el D\u00eda de Andaluc\u00eda. Alumnos y profesores \u00a0disfrutaron de \u00a0un chocolate con churros. Adem\u00e1s, los alumnos de 1\u00ba, 2\u00ba y 3\u00ba ESO y de Formaci\u00f3n Profesional B\u00e1sica, elaboraron un mapa de Andaluc\u00eda, en el que aparece lo m\u00e1s relevante de cada provincia andaluza.<\/p>\n","protected":false},"author":1,"featured_media":0,"comment_status":"closed","ping_status":"open","sticky":false,"template":"","format":"standard","meta":[],"categories":[26,20],"tags":[],"_links":{"self":[{"href":"https:\/\/www.iespedromunozseca.es\/index.php?rest_route=\/wp\/v2\/posts\/4544"}],"collection":[{"href":"https:\/\/www.iespedromunozseca.es\/index.php?rest_route=\/wp\/v2\/posts"}],"about":[{"href":"https:\/\/www.iespedromunozseca.es\/index.php?rest_route=\/wp\/v2\/types\/post"}],"author":[{"embeddable":true,"href":"https:\/\/www.iespedromunozseca.es\/index.php?rest_route=\/wp\/v2\/users\/1"}],"replies":[{"embeddable":true,"href":"https:\/\/www.iespedromunozseca.es\/index.php?rest_route=%2Fwp%2Fv2%2Fcomments&post=4544"}],"version-history":[{"count":3,"href":"https:\/\/www.iespedromunozseca.es\/index.php?rest_route=\/wp\/v2\/posts\/4544\/revisions"}],"predecessor-version":[{"id":4548,"href":"https:\/\/www.iespedromunozseca.es\/index.php?rest_route=\/wp\/v2\/posts\/4544\/revisions\/4548"}],"wp:attachment":[{"href":"https:\/\/www.iespedromunozseca.es\/index.php?rest_route=%2Fwp%2Fv2%2Fmedia&parent=4544"}],"wp:term":[{"taxonomy":"category","embeddable":true,"href":"https:\/\/www.iespedromunozseca.es\/index.php?rest_route=%2Fwp%2Fv2%2Fcategories&post=4544"},{"taxonomy":"post_tag","embeddable":true,"href":"https:\/\/www.iespedromunozseca.es\/index.php?rest_route=%2Fwp%2Fv2%2Ftags&post=4544"}],"curies":[{"name":"wp","href":"https:\/\/api.w.org\/{rel}","templated":true}]}}