{"id":4534,"date":"2016-03-02T13:10:27","date_gmt":"2016-03-02T11:10:27","guid":{"rendered":"http:\/\/www.iespedromunozseca.es\/?p=4534"},"modified":"2016-03-02T13:10:27","modified_gmt":"2016-03-02T11:10:27","slug":"graduacion-ciclos-formativos-sanidad","status":"publish","type":"post","link":"https:\/\/www.iespedromunozseca.es\/?p=4534","title":{"rendered":"Graduaci\u00f3n Ciclos Formativos Sanidad"},"content":{"rendered":"<p style=\"text-align: left;\">El pr\u00f3ximo jueves 3 de Marzo de 2016 se celebrar\u00e1 en el sal\u00f3n de actos del IES Pedro Mu\u00f1oz Seca la Graduaci\u00f3n de los alumnos de los Ciclos Formativos de Sanidad. Nuestros mejores deseos para la nueva etapa que est\u00e1n a punto de comenzar.<\/p>\n<p style=\"text-align: left;\"><a href=\"http:\/\/www.iespedromunozseca.es\/wp-content\/uploads\/2016\/03\/office-lens-20160302-1156371.jpg\"><img decoding=\"async\" loading=\"lazy\" class=\"aligncenter size-large wp-image-4536\" title=\"office-lens-20160302-1156371\" src=\"http:\/\/www.iespedromunozseca.es\/wp-content\/uploads\/2016\/03\/office-lens-20160302-1156371-1024x483.jpg\" alt=\"office-lens-20160302-1156371\" width=\"819\" height=\"386\" srcset=\"https:\/\/www.iespedromunozseca.es\/wp-content\/uploads\/2016\/03\/office-lens-20160302-1156371-1024x483.jpg 1024w, https:\/\/www.iespedromunozseca.es\/wp-content\/uploads\/2016\/03\/office-lens-20160302-1156371-300x141.jpg 300w\" sizes=\"(max-width: 819px) 100vw, 819px\" \/><\/a><\/p>\n","protected":false},"excerpt":{"rendered":"<p>El pr\u00f3ximo jueves 3 de Marzo de 2016 se celebrar\u00e1 en el sal\u00f3n de actos del IES Pedro Mu\u00f1oz Seca la Graduaci\u00f3n de los alumnos de los Ciclos Formativos de Sanidad. Nuestros mejores deseos para la nueva etapa que est\u00e1n a punto de comenzar.<\/p>\n","protected":false},"author":1,"featured_media":0,"comment_status":"open","ping_status":"open","sticky":false,"template":"","format":"standard","meta":[],"categories":[26,41],"tags":[],"_links":{"self":[{"href":"https:\/\/www.iespedromunozseca.es\/index.php?rest_route=\/wp\/v2\/posts\/4534"}],"collection":[{"href":"https:\/\/www.iespedromunozseca.es\/index.php?rest_route=\/wp\/v2\/posts"}],"about":[{"href":"https:\/\/www.iespedromunozseca.es\/index.php?rest_route=\/wp\/v2\/types\/post"}],"author":[{"embeddable":true,"href":"https:\/\/www.iespedromunozseca.es\/index.php?rest_route=\/wp\/v2\/users\/1"}],"replies":[{"embeddable":true,"href":"https:\/\/www.iespedromunozseca.es\/index.php?rest_route=%2Fwp%2Fv2%2Fcomments&post=4534"}],"version-history":[{"count":2,"href":"https:\/\/www.iespedromunozseca.es\/index.php?rest_route=\/wp\/v2\/posts\/4534\/revisions"}],"predecessor-version":[{"id":4538,"href":"https:\/\/www.iespedromunozseca.es\/index.php?rest_route=\/wp\/v2\/posts\/4534\/revisions\/4538"}],"wp:attachment":[{"href":"https:\/\/www.iespedromunozseca.es\/index.php?rest_route=%2Fwp%2Fv2%2Fmedia&parent=4534"}],"wp:term":[{"taxonomy":"category","embeddable":true,"href":"https:\/\/www.iespedromunozseca.es\/index.php?rest_route=%2Fwp%2Fv2%2Fcategories&post=4534"},{"taxonomy":"post_tag","embeddable":true,"href":"https:\/\/www.iespedromunozseca.es\/index.php?rest_route=%2Fwp%2Fv2%2Ftags&post=4534"}],"curies":[{"name":"wp","href":"https:\/\/api.w.org\/{rel}","templated":true}]}}