{"id":4503,"date":"2016-02-24T11:06:48","date_gmt":"2016-02-24T09:06:48","guid":{"rendered":"http:\/\/www.iespedromunozseca.es\/?p=4503"},"modified":"2016-04-14T13:22:03","modified_gmt":"2016-04-14T11:22:03","slug":"mesa-dulce-san-valentin","status":"publish","type":"post","link":"https:\/\/www.iespedromunozseca.es\/?p=4503","title":{"rendered":"Mesa Dulce San Valent\u00edn"},"content":{"rendered":"<p>El pasado viernes 12 de Febrero 2016 los alumnos de 4\u00ba de E.S.O. del Proyecto Integrado de Reposter\u00eda Creativa volvieron a sorprendernos con una mesa dulce decorada con motivo de San Valent\u00edn.<\/p>\n<p style=\"text-align: center;\"><a href=\"http:\/\/www.iespedromunozseca.es\/wp-content\/uploads\/2016\/02\/cam03219.jpg\"><img decoding=\"async\" loading=\"lazy\" class=\"aligncenter size-large wp-image-4505\" title=\"cam03219\" src=\"http:\/\/www.iespedromunozseca.es\/wp-content\/uploads\/2016\/02\/cam03219-1024x768.jpg\" alt=\"cam03219\" width=\"717\" height=\"538\" srcset=\"https:\/\/www.iespedromunozseca.es\/wp-content\/uploads\/2016\/02\/cam03219-1024x768.jpg 1024w, https:\/\/www.iespedromunozseca.es\/wp-content\/uploads\/2016\/02\/cam03219-300x225.jpg 300w\" sizes=\"(max-width: 717px) 100vw, 717px\" \/><\/a><\/p>\n<p>Pod\u00e9is ver m\u00e1s fotos de estos dulces pinchando <a href=\"http:\/\/www.iespedromunozseca.es\/?page_id=4509\">aqu\u00ed<\/a>. Ni que decir tiene que se comieron todos y estaban riqu\u00edsimos.<\/p>\n","protected":false},"excerpt":{"rendered":"<p>El pasado viernes 12 de Febrero 2016 los alumnos de 4\u00ba de E.S.O. del Proyecto Integrado de Reposter\u00eda Creativa volvieron a sorprendernos con una mesa dulce decorada con motivo de San Valent\u00edn. Pod\u00e9is ver m\u00e1s fotos de estos dulces pinchando aqu\u00ed. Ni que decir tiene que se comieron todos y estaban riqu\u00edsimos.<\/p>\n","protected":false},"author":1,"featured_media":0,"comment_status":"open","ping_status":"open","sticky":false,"template":"","format":"standard","meta":[],"categories":[26,34,20,1],"tags":[],"_links":{"self":[{"href":"https:\/\/www.iespedromunozseca.es\/index.php?rest_route=\/wp\/v2\/posts\/4503"}],"collection":[{"href":"https:\/\/www.iespedromunozseca.es\/index.php?rest_route=\/wp\/v2\/posts"}],"about":[{"href":"https:\/\/www.iespedromunozseca.es\/index.php?rest_route=\/wp\/v2\/types\/post"}],"author":[{"embeddable":true,"href":"https:\/\/www.iespedromunozseca.es\/index.php?rest_route=\/wp\/v2\/users\/1"}],"replies":[{"embeddable":true,"href":"https:\/\/www.iespedromunozseca.es\/index.php?rest_route=%2Fwp%2Fv2%2Fcomments&post=4503"}],"version-history":[{"count":6,"href":"https:\/\/www.iespedromunozseca.es\/index.php?rest_route=\/wp\/v2\/posts\/4503\/revisions"}],"predecessor-version":[{"id":4561,"href":"https:\/\/www.iespedromunozseca.es\/index.php?rest_route=\/wp\/v2\/posts\/4503\/revisions\/4561"}],"wp:attachment":[{"href":"https:\/\/www.iespedromunozseca.es\/index.php?rest_route=%2Fwp%2Fv2%2Fmedia&parent=4503"}],"wp:term":[{"taxonomy":"category","embeddable":true,"href":"https:\/\/www.iespedromunozseca.es\/index.php?rest_route=%2Fwp%2Fv2%2Fcategories&post=4503"},{"taxonomy":"post_tag","embeddable":true,"href":"https:\/\/www.iespedromunozseca.es\/index.php?rest_route=%2Fwp%2Fv2%2Ftags&post=4503"}],"curies":[{"name":"wp","href":"https:\/\/api.w.org\/{rel}","templated":true}]}}