{"id":4407,"date":"2016-01-26T12:18:05","date_gmt":"2016-01-26T10:18:05","guid":{"rendered":"http:\/\/www.iespedromunozseca.es\/?p=4407"},"modified":"2016-04-14T13:23:23","modified_gmt":"2016-04-14T11:23:23","slug":"mesa-dulce-de-navidad","status":"publish","type":"post","link":"https:\/\/www.iespedromunozseca.es\/?p=4407","title":{"rendered":"Mesa Dulce de Navidad"},"content":{"rendered":"<p>El pasado 18 de Diciembre de 2015 los alumnos de 4\u00ba de E.S.O. del Proyecto Integrado de Reposter\u00eda Creativa decoraron una mesa dulce con motivos navide\u00f1os.<\/p>\n<p style=\"text-align: center;\"><a href=\"http:\/\/www.iespedromunozseca.es\/wp-content\/uploads\/2016\/01\/img_20151218_105007_v2.jpg\"><img decoding=\"async\" loading=\"lazy\" class=\"aligncenter size-large wp-image-4408\" title=\"img_20151218_105007_v2\" src=\"http:\/\/www.iespedromunozseca.es\/wp-content\/uploads\/2016\/01\/img_20151218_105007_v2-1024x783.jpg\" alt=\"img_20151218_105007_v2\" width=\"819\" height=\"626\" srcset=\"https:\/\/www.iespedromunozseca.es\/wp-content\/uploads\/2016\/01\/img_20151218_105007_v2-1024x783.jpg 1024w, https:\/\/www.iespedromunozseca.es\/wp-content\/uploads\/2016\/01\/img_20151218_105007_v2-300x229.jpg 300w\" sizes=\"(max-width: 819px) 100vw, 819px\" \/><\/a><\/p>\n<p style=\"text-align: center;\">\n<p style=\"text-align: left;\">Participaron los alumnos y alumnas Carolina Acal, Juan Miguel Arniz, Juan Luis Bollullos, Kiomara Bravo, Alejandro Caravaca, Aitana de los Reyes, Francisco Gallardo, Alejandro G\u00f3mez, Adri\u00e1n M\u00e1rquez, Laura Ana Garc\u00eda, Adri\u00e1n Reyes, Juan Esteban R\u00edos, Matthieu Rocha, Daniela Salmer\u00f3n y Nerea Serrano, junto a su profesora, Purificaci\u00f3n Moreno.<\/p>\n<p style=\"text-align: left;\">La pr\u00f3xima cita ser\u00e1 con motivo de San Valent\u00edn el viernes 12 de Febrero&#8230; ya queda menos.<\/p>\n","protected":false},"excerpt":{"rendered":"<p>El pasado 18 de Diciembre de 2015 los alumnos de 4\u00ba de E.S.O. del Proyecto Integrado de Reposter\u00eda Creativa decoraron una mesa dulce con motivos navide\u00f1os. Participaron los alumnos y alumnas Carolina Acal, Juan Miguel Arniz, Juan Luis Bollullos, Kiomara Bravo, Alejandro Caravaca, Aitana de los Reyes, Francisco Gallardo, Alejandro G\u00f3mez, Adri\u00e1n M\u00e1rquez, Laura Ana Garc\u00eda, Adri\u00e1n Reyes, Juan Esteban R\u00edos, Matthieu Rocha, Daniela Salmer\u00f3n y Nerea Serrano, junto a su profesora, Purificaci\u00f3n Moreno. La pr\u00f3xima cita ser\u00e1 con motivo&#8230;<\/p>\n<p class=\"read-more\"><a class=\"btn btn-default\" href=\"https:\/\/www.iespedromunozseca.es\/?p=4407\"> Leer m\u00e1s<span class=\"screen-reader-text\">  Leer m\u00e1s<\/span><\/a><\/p>\n","protected":false},"author":3,"featured_media":0,"comment_status":"closed","ping_status":"open","sticky":false,"template":"","format":"standard","meta":[],"categories":[26,34,20],"tags":[],"_links":{"self":[{"href":"https:\/\/www.iespedromunozseca.es\/index.php?rest_route=\/wp\/v2\/posts\/4407"}],"collection":[{"href":"https:\/\/www.iespedromunozseca.es\/index.php?rest_route=\/wp\/v2\/posts"}],"about":[{"href":"https:\/\/www.iespedromunozseca.es\/index.php?rest_route=\/wp\/v2\/types\/post"}],"author":[{"embeddable":true,"href":"https:\/\/www.iespedromunozseca.es\/index.php?rest_route=\/wp\/v2\/users\/3"}],"replies":[{"embeddable":true,"href":"https:\/\/www.iespedromunozseca.es\/index.php?rest_route=%2Fwp%2Fv2%2Fcomments&post=4407"}],"version-history":[{"count":9,"href":"https:\/\/www.iespedromunozseca.es\/index.php?rest_route=\/wp\/v2\/posts\/4407\/revisions"}],"predecessor-version":[{"id":4438,"href":"https:\/\/www.iespedromunozseca.es\/index.php?rest_route=\/wp\/v2\/posts\/4407\/revisions\/4438"}],"wp:attachment":[{"href":"https:\/\/www.iespedromunozseca.es\/index.php?rest_route=%2Fwp%2Fv2%2Fmedia&parent=4407"}],"wp:term":[{"taxonomy":"category","embeddable":true,"href":"https:\/\/www.iespedromunozseca.es\/index.php?rest_route=%2Fwp%2Fv2%2Fcategories&post=4407"},{"taxonomy":"post_tag","embeddable":true,"href":"https:\/\/www.iespedromunozseca.es\/index.php?rest_route=%2Fwp%2Fv2%2Ftags&post=4407"}],"curies":[{"name":"wp","href":"https:\/\/api.w.org\/{rel}","templated":true}]}}