{"id":4389,"date":"2015-11-17T12:54:48","date_gmt":"2015-11-17T10:54:48","guid":{"rendered":"http:\/\/www.iespedromunozseca.es\/?p=4389"},"modified":"2015-11-17T12:54:48","modified_gmt":"2015-11-17T10:54:48","slug":"minuto-de-silencio-por-los-atentados-de-paris","status":"publish","type":"post","link":"https:\/\/www.iespedromunozseca.es\/?p=4389","title":{"rendered":"Minuto de Silencio por los atentados de Par\u00eds"},"content":{"rendered":"<p>El d\u00eda 16 de Noviembre de 2015, a las 12:00, los alumnos, profesores y el personal no docente del IES Pedro Mu\u00f1oz Seca guardaron un minuto de silencio como muestra de repulsa a los atentados producidos en la noche del viernes pasado en Par\u00eds.<\/p>\n<p><a href=\"http:\/\/www.iespedromunozseca.es\/wp-content\/uploads\/2015\/11\/16036472377_3ca7de2619_b.jpg\"><img decoding=\"async\" loading=\"lazy\" class=\"aligncenter size-full wp-image-4390\" title=\"16036472377_3ca7de2619_b\" src=\"http:\/\/www.iespedromunozseca.es\/wp-content\/uploads\/2015\/11\/16036472377_3ca7de2619_b.jpg\" alt=\"16036472377_3ca7de2619_b\" width=\"1024\" height=\"682\" srcset=\"https:\/\/www.iespedromunozseca.es\/wp-content\/uploads\/2015\/11\/16036472377_3ca7de2619_b.jpg 1024w, https:\/\/www.iespedromunozseca.es\/wp-content\/uploads\/2015\/11\/16036472377_3ca7de2619_b-300x199.jpg 300w\" sizes=\"(max-width: 1024px) 100vw, 1024px\" \/><\/a><\/p>\n<p>La imagen ha sido tomada de\u00a0<a href=\"https:\/\/c1.staticflickr.com\/9\/8576\/16036472377_3ca7de2619_b.jpg\" target=\"_blank\">https:\/\/c1.staticflickr.com\/9\/8576\/16036472377_3ca7de2619_b.jpg<\/a><\/p>\n","protected":false},"excerpt":{"rendered":"<p>El d\u00eda 16 de Noviembre de 2015, a las 12:00, los alumnos, profesores y el personal no docente del IES Pedro Mu\u00f1oz Seca guardaron un minuto de silencio como muestra de repulsa a los atentados producidos en la noche del viernes pasado en Par\u00eds. La imagen ha sido tomada de\u00a0https:\/\/c1.staticflickr.com\/9\/8576\/16036472377_3ca7de2619_b.jpg<\/p>\n","protected":false},"author":1,"featured_media":0,"comment_status":"closed","ping_status":"open","sticky":false,"template":"","format":"standard","meta":[],"categories":[1],"tags":[],"_links":{"self":[{"href":"https:\/\/www.iespedromunozseca.es\/index.php?rest_route=\/wp\/v2\/posts\/4389"}],"collection":[{"href":"https:\/\/www.iespedromunozseca.es\/index.php?rest_route=\/wp\/v2\/posts"}],"about":[{"href":"https:\/\/www.iespedromunozseca.es\/index.php?rest_route=\/wp\/v2\/types\/post"}],"author":[{"embeddable":true,"href":"https:\/\/www.iespedromunozseca.es\/index.php?rest_route=\/wp\/v2\/users\/1"}],"replies":[{"embeddable":true,"href":"https:\/\/www.iespedromunozseca.es\/index.php?rest_route=%2Fwp%2Fv2%2Fcomments&post=4389"}],"version-history":[{"count":5,"href":"https:\/\/www.iespedromunozseca.es\/index.php?rest_route=\/wp\/v2\/posts\/4389\/revisions"}],"predecessor-version":[{"id":4395,"href":"https:\/\/www.iespedromunozseca.es\/index.php?rest_route=\/wp\/v2\/posts\/4389\/revisions\/4395"}],"wp:attachment":[{"href":"https:\/\/www.iespedromunozseca.es\/index.php?rest_route=%2Fwp%2Fv2%2Fmedia&parent=4389"}],"wp:term":[{"taxonomy":"category","embeddable":true,"href":"https:\/\/www.iespedromunozseca.es\/index.php?rest_route=%2Fwp%2Fv2%2Fcategories&post=4389"},{"taxonomy":"post_tag","embeddable":true,"href":"https:\/\/www.iespedromunozseca.es\/index.php?rest_route=%2Fwp%2Fv2%2Ftags&post=4389"}],"curies":[{"name":"wp","href":"https:\/\/api.w.org\/{rel}","templated":true}]}}