{"id":4325,"date":"2015-11-13T14:36:15","date_gmt":"2015-11-13T12:36:15","guid":{"rendered":"http:\/\/www.iespedromunozseca.es\/?p=4325"},"modified":"2016-04-14T13:25:26","modified_gmt":"2016-04-14T11:25:26","slug":"mesa-dulce-halloween","status":"publish","type":"post","link":"https:\/\/www.iespedromunozseca.es\/?p=4325","title":{"rendered":"Mesa Dulce Halloween"},"content":{"rendered":"<p>Los alumnos de 4\u00ba ESO del Proyecto Integrado de Reposter\u00eda Creativa realizaron un proyecto de decoraci\u00f3n de una mesa dulce para la celebraci\u00f3n de Halloween que forma parte del trabajo semanal que realizan.<\/p>\n<p><a href=\"http:\/\/www.iespedromunozseca.es\/wp-content\/uploads\/2015\/11\/img_20151030_1041581.jpg\"><img decoding=\"async\" loading=\"lazy\" class=\"size-medium wp-image-4348 alignleft\" title=\"img_20151030_1041581\" src=\"http:\/\/www.iespedromunozseca.es\/wp-content\/uploads\/2015\/11\/img_20151030_1041581-300x168.jpg\" alt=\"img_20151030_1041581\" width=\"248\" height=\"139\" srcset=\"https:\/\/www.iespedromunozseca.es\/wp-content\/uploads\/2015\/11\/img_20151030_1041581-300x168.jpg 300w, https:\/\/www.iespedromunozseca.es\/wp-content\/uploads\/2015\/11\/img_20151030_1041581-1024x575.jpg 1024w\" sizes=\"(max-width: 248px) 100vw, 248px\" \/><\/a><a href=\"http:\/\/www.iespedromunozseca.es\/wp-content\/uploads\/2015\/11\/img_20151030_1038141.jpg\"><img decoding=\"async\" loading=\"lazy\" class=\"alignright size-medium wp-image-4347\" title=\"img_20151030_1038141\" src=\"http:\/\/www.iespedromunozseca.es\/wp-content\/uploads\/2015\/11\/img_20151030_1038141-300x168.jpg\" alt=\"img_20151030_1038141\" width=\"248\" height=\"139\" srcset=\"https:\/\/www.iespedromunozseca.es\/wp-content\/uploads\/2015\/11\/img_20151030_1038141-300x168.jpg 300w, https:\/\/www.iespedromunozseca.es\/wp-content\/uploads\/2015\/11\/img_20151030_1038141-1024x575.jpg 1024w\" sizes=\"(max-width: 248px) 100vw, 248px\" \/><\/a><a href=\"http:\/\/www.iespedromunozseca.es\/wp-content\/uploads\/2015\/11\/cam029692.jpg\"><img decoding=\"async\" loading=\"lazy\" class=\"aligncenter size-medium wp-image-4346\" title=\"cam029692\" src=\"http:\/\/www.iespedromunozseca.es\/wp-content\/uploads\/2015\/11\/cam029692-300x225.jpg\" alt=\"cam029692\" width=\"234\" height=\"176\" srcset=\"https:\/\/www.iespedromunozseca.es\/wp-content\/uploads\/2015\/11\/cam029692-300x225.jpg 300w, https:\/\/www.iespedromunozseca.es\/wp-content\/uploads\/2015\/11\/cam029692-1024x768.jpg 1024w\" sizes=\"(max-width: 234px) 100vw, 234px\" \/><\/a><\/p>\n<p>Los alumnos participantes fueron Carolina Acal, Juan Miguel Arniz, Juan Luis Bollullos, Kiomara Bravo, Alejandro Caravaca, Aitana de los Reyes, Francisco Gallardo, Alejandro G\u00f3mez, Adri\u00e1n M\u00e1rquez, Laura Ana Garc\u00eda, Adri\u00e1n Reyes, Juan Esteban R\u00edos, Matthieu Rocha, Daniela Salmer\u00f3n y Nerea Serrano.<\/p>\n<p style=\"text-align: left;\">Pod\u00e9is ver m\u00e1s fotos pinchando <a href=\"http:\/\/www.iespedromunozseca.es\/?page_id=4362\">aqu\u00ed<\/a>.<\/p>\n","protected":false},"excerpt":{"rendered":"<p>Los alumnos de 4\u00ba ESO del Proyecto Integrado de Reposter\u00eda Creativa realizaron un proyecto de decoraci\u00f3n de una mesa dulce para la celebraci\u00f3n de Halloween que forma parte del trabajo semanal que realizan. Los alumnos participantes fueron Carolina Acal, Juan Miguel Arniz, Juan Luis Bollullos, Kiomara Bravo, Alejandro Caravaca, Aitana de los Reyes, Francisco Gallardo, Alejandro G\u00f3mez, Adri\u00e1n M\u00e1rquez, Laura Ana Garc\u00eda, Adri\u00e1n Reyes, Juan Esteban R\u00edos, Matthieu Rocha, Daniela Salmer\u00f3n y Nerea Serrano. Pod\u00e9is ver m\u00e1s fotos pinchando aqu\u00ed.<\/p>\n","protected":false},"author":1,"featured_media":0,"comment_status":"open","ping_status":"open","sticky":false,"template":"","format":"standard","meta":[],"categories":[26,20],"tags":[],"_links":{"self":[{"href":"https:\/\/www.iespedromunozseca.es\/index.php?rest_route=\/wp\/v2\/posts\/4325"}],"collection":[{"href":"https:\/\/www.iespedromunozseca.es\/index.php?rest_route=\/wp\/v2\/posts"}],"about":[{"href":"https:\/\/www.iespedromunozseca.es\/index.php?rest_route=\/wp\/v2\/types\/post"}],"author":[{"embeddable":true,"href":"https:\/\/www.iespedromunozseca.es\/index.php?rest_route=\/wp\/v2\/users\/1"}],"replies":[{"embeddable":true,"href":"https:\/\/www.iespedromunozseca.es\/index.php?rest_route=%2Fwp%2Fv2%2Fcomments&post=4325"}],"version-history":[{"count":12,"href":"https:\/\/www.iespedromunozseca.es\/index.php?rest_route=\/wp\/v2\/posts\/4325\/revisions"}],"predecessor-version":[{"id":4564,"href":"https:\/\/www.iespedromunozseca.es\/index.php?rest_route=\/wp\/v2\/posts\/4325\/revisions\/4564"}],"wp:attachment":[{"href":"https:\/\/www.iespedromunozseca.es\/index.php?rest_route=%2Fwp%2Fv2%2Fmedia&parent=4325"}],"wp:term":[{"taxonomy":"category","embeddable":true,"href":"https:\/\/www.iespedromunozseca.es\/index.php?rest_route=%2Fwp%2Fv2%2Fcategories&post=4325"},{"taxonomy":"post_tag","embeddable":true,"href":"https:\/\/www.iespedromunozseca.es\/index.php?rest_route=%2Fwp%2Fv2%2Ftags&post=4325"}],"curies":[{"name":"wp","href":"https:\/\/api.w.org\/{rel}","templated":true}]}}