{"id":4239,"date":"2015-06-17T11:20:12","date_gmt":"2015-06-17T09:20:12","guid":{"rendered":"http:\/\/www.iespedromunozseca.es\/?p=4239"},"modified":"2015-06-17T11:20:12","modified_gmt":"2015-06-17T09:20:12","slug":"feria-de-la-ciencia-y-la-tecnologia","status":"publish","type":"post","link":"https:\/\/www.iespedromunozseca.es\/?p=4239","title":{"rendered":"FERIA DE LA CIENCIA Y LA TECNOLOG\u00cdA"},"content":{"rendered":"<p class=\"MsoNormal\"><em><span>Los pasados d\u00edas 9 y 10 de junio se ha celebrado la Feria de la Ciencia y Tecnolog\u00eda en nuestro centro, en la que han participado los alumnos de la ESO y Bachillerato presentando una serie de flamantes experimentos con los que han logrado sorprender a \u00a0compa\u00f1eros y profesores.<\/span><\/em><\/p>\n<p class=\"MsoNormal\"><span>Este proyecto se ha dividido en dos secciones: una destinada a la tecnolog\u00eda, en la que se han tratado temas tales como\u00a0la hidr\u00e1ulica, la mec\u00e1nica y la electr\u00f3nica;\u00a0y otra, a la ciencia. En esta \u00faltima se han \u00a0tratado diversos temas, a destacar:\u00a0el comportamiento de los gases, la presi\u00f3n, la demostraci\u00f3n del Principio de Pascal, las propiedades de los metales, la convecci\u00f3n, la gravedad, la densidad, las fuerzas, el volumen,\u00a0reacciones qu\u00edmicas curiosas, una laboriosa tabla peri\u00f3dica\u00a0con c\u00f3digos QR,\u00a0etc.<\/span><\/p>\n<p class=\"MsoNormal\"><span>Estos experimentos han permitido la divulgaci\u00f3n de la ciencia de una forma amena e innovadora, ya que han sido los alumnos los protagonistas de la experiencia.<\/span><span> <\/span><span>La valoraci\u00f3n que han hecho de su participaci\u00f3n es muy positiva, ya que han tenido la oportunidad de disfrutar aprendiendo tanto de los trabajos expuestos por ellos mismos como por los de sus \u00a0compa\u00f1eros.<\/span><span><\/span><\/p>\n<p class=\"MsoNormal\"><span>El que m\u00e1s impresi\u00f3n ha causado ha sido el conocido como \u00ab<\/span><strong><span>el genio de la botella<\/span><\/strong><span>\u00bb (ilustrado en la fotograf\u00eda), en el cual se produce un espectacular desprendimiento de ox\u00edgeno por la descomposici\u00f3n del\u00a0 agua oxigenada, <\/span><span><a href=\"http:\/\/es.wikipedia.org\/wiki\/Hidr%C3%B3geno\" target=\"_blank\"><span>H<\/span><\/a><\/span><sub><span>2<\/span><\/sub><span><a href=\"http:\/\/es.wikipedia.org\/wiki\/Ox%C3%ADgeno\" target=\"_blank\"><span>O<\/span><\/a><\/span><sub><span>2<\/span><\/sub><span>, al reaccionar con el permanganato de potasio. El resultado es una reacci\u00f3n exot\u00e9rmica, es decir, en la que se desprende calor.<\/span><\/p>\n<div id=\"yiv9080156936yui_3_16_0_1_1434274401143_7913\" class=\"yiv9080156936\" style=\"text-align: left;\" dir=\"ltr\">Art\u00edculo de prensa publicado: \u00a0<a id=\"yiv9080156936yui_3_16_0_1_1434274401143_10264\" class=\"yiv9080156936\" rel=\"nofollow\" href=\"http:\/\/elpuertoactualidad.es\/?p=126063\" target=\"_blank\">http:\/\/elpuertoactualidad.es\/?p=126063<\/a><\/div>\n<div><\/div>\n<p class=\"MsoNormal\"><span><div id='gallery-1' class='gallery galleryid-4239 gallery-columns-3 gallery-size-thumbnail'><figure class='gallery-item'>\n\t\t\t<div class='gallery-icon landscape'>\n\t\t\t\t<a href='https:\/\/www.iespedromunozseca.es\/wp-content\/uploads\/2015\/06\/2015-06-09-084228.jpg'><img width=\"150\" height=\"150\" src=\"https:\/\/www.iespedromunozseca.es\/wp-content\/uploads\/2015\/06\/2015-06-09-084228-150x150.jpg\" class=\"attachment-thumbnail size-thumbnail\" alt=\"\" decoding=\"async\" loading=\"lazy\" \/><\/a>\n\t\t\t<\/div><\/figure><figure class='gallery-item'>\n\t\t\t<div class='gallery-icon landscape'>\n\t\t\t\t<a href='https:\/\/www.iespedromunozseca.es\/wp-content\/uploads\/2015\/06\/2015-06-09-084405.jpg'><img width=\"150\" height=\"150\" src=\"https:\/\/www.iespedromunozseca.es\/wp-content\/uploads\/2015\/06\/2015-06-09-084405-150x150.jpg\" class=\"attachment-thumbnail size-thumbnail\" alt=\"\" decoding=\"async\" loading=\"lazy\" \/><\/a>\n\t\t\t<\/div><\/figure><figure class='gallery-item'>\n\t\t\t<div class='gallery-icon landscape'>\n\t\t\t\t<a href='https:\/\/www.iespedromunozseca.es\/wp-content\/uploads\/2015\/06\/2015-06-09-085314.jpg'><img width=\"150\" height=\"150\" src=\"https:\/\/www.iespedromunozseca.es\/wp-content\/uploads\/2015\/06\/2015-06-09-085314-150x150.jpg\" class=\"attachment-thumbnail size-thumbnail\" alt=\"\" decoding=\"async\" loading=\"lazy\" \/><\/a>\n\t\t\t<\/div><\/figure><figure class='gallery-item'>\n\t\t\t<div class='gallery-icon landscape'>\n\t\t\t\t<a href='https:\/\/www.iespedromunozseca.es\/wp-content\/uploads\/2015\/06\/2015-06-09-085942.jpg'><img width=\"150\" height=\"150\" src=\"https:\/\/www.iespedromunozseca.es\/wp-content\/uploads\/2015\/06\/2015-06-09-085942-150x150.jpg\" class=\"attachment-thumbnail size-thumbnail\" alt=\"\" decoding=\"async\" loading=\"lazy\" \/><\/a>\n\t\t\t<\/div><\/figure><figure class='gallery-item'>\n\t\t\t<div class='gallery-icon landscape'>\n\t\t\t\t<a href='https:\/\/www.iespedromunozseca.es\/wp-content\/uploads\/2015\/06\/2015-06-09-090210.jpg'><img width=\"150\" height=\"150\" src=\"https:\/\/www.iespedromunozseca.es\/wp-content\/uploads\/2015\/06\/2015-06-09-090210-150x150.jpg\" class=\"attachment-thumbnail size-thumbnail\" alt=\"\" decoding=\"async\" loading=\"lazy\" \/><\/a>\n\t\t\t<\/div><\/figure><figure class='gallery-item'>\n\t\t\t<div class='gallery-icon landscape'>\n\t\t\t\t<a href='https:\/\/www.iespedromunozseca.es\/wp-content\/uploads\/2015\/06\/2015-06-09-090653.jpg'><img width=\"150\" height=\"150\" src=\"https:\/\/www.iespedromunozseca.es\/wp-content\/uploads\/2015\/06\/2015-06-09-090653-150x150.jpg\" class=\"attachment-thumbnail size-thumbnail\" alt=\"\" decoding=\"async\" loading=\"lazy\" \/><\/a>\n\t\t\t<\/div><\/figure><figure class='gallery-item'>\n\t\t\t<div class='gallery-icon landscape'>\n\t\t\t\t<a href='https:\/\/www.iespedromunozseca.es\/wp-content\/uploads\/2015\/06\/2015-06-09-091246.jpg'><img width=\"150\" height=\"150\" src=\"https:\/\/www.iespedromunozseca.es\/wp-content\/uploads\/2015\/06\/2015-06-09-091246-150x150.jpg\" class=\"attachment-thumbnail size-thumbnail\" alt=\"\" decoding=\"async\" loading=\"lazy\" \/><\/a>\n\t\t\t<\/div><\/figure><figure class='gallery-item'>\n\t\t\t<div class='gallery-icon landscape'>\n\t\t\t\t<a href='https:\/\/www.iespedromunozseca.es\/wp-content\/uploads\/2015\/06\/2015-06-09-092255.jpg'><img width=\"150\" height=\"150\" src=\"https:\/\/www.iespedromunozseca.es\/wp-content\/uploads\/2015\/06\/2015-06-09-092255-150x150.jpg\" class=\"attachment-thumbnail size-thumbnail\" alt=\"\" decoding=\"async\" loading=\"lazy\" \/><\/a>\n\t\t\t<\/div><\/figure><figure class='gallery-item'>\n\t\t\t<div class='gallery-icon landscape'>\n\t\t\t\t<a href='https:\/\/www.iespedromunozseca.es\/wp-content\/uploads\/2015\/06\/2015-06-09-094211.jpg'><img width=\"150\" height=\"150\" src=\"https:\/\/www.iespedromunozseca.es\/wp-content\/uploads\/2015\/06\/2015-06-09-094211-150x150.jpg\" class=\"attachment-thumbnail size-thumbnail\" alt=\"\" decoding=\"async\" loading=\"lazy\" srcset=\"https:\/\/www.iespedromunozseca.es\/wp-content\/uploads\/2015\/06\/2015-06-09-094211-150x150.jpg 150w, https:\/\/www.iespedromunozseca.es\/wp-content\/uploads\/2015\/06\/2015-06-09-094211-300x300.jpg 300w, https:\/\/www.iespedromunozseca.es\/wp-content\/uploads\/2015\/06\/2015-06-09-094211.jpg 800w\" sizes=\"(max-width: 150px) 100vw, 150px\" \/><\/a>\n\t\t\t<\/div><\/figure><figure class='gallery-item'>\n\t\t\t<div class='gallery-icon landscape'>\n\t\t\t\t<a href='https:\/\/www.iespedromunozseca.es\/wp-content\/uploads\/2015\/06\/2015-06-09-141058.jpg'><img width=\"150\" height=\"150\" src=\"https:\/\/www.iespedromunozseca.es\/wp-content\/uploads\/2015\/06\/2015-06-09-141058-150x150.jpg\" class=\"attachment-thumbnail size-thumbnail\" alt=\"\" decoding=\"async\" loading=\"lazy\" srcset=\"https:\/\/www.iespedromunozseca.es\/wp-content\/uploads\/2015\/06\/2015-06-09-141058-150x150.jpg 150w, https:\/\/www.iespedromunozseca.es\/wp-content\/uploads\/2015\/06\/2015-06-09-141058-300x300.jpg 300w, https:\/\/www.iespedromunozseca.es\/wp-content\/uploads\/2015\/06\/2015-06-09-141058.jpg 800w\" sizes=\"(max-width: 150px) 100vw, 150px\" \/><\/a>\n\t\t\t<\/div><\/figure>\n\t\t<\/div>\n<\/p>\n<p><\/span><\/p>\n","protected":false},"excerpt":{"rendered":"<p>Los pasados d\u00edas 9 y 10 de junio se ha celebrado la Feria de la Ciencia y Tecnolog\u00eda en nuestro centro, en la que han participado los alumnos de la ESO y Bachillerato presentando una serie de flamantes experimentos con los que han logrado sorprender a \u00a0compa\u00f1eros y profesores. Este proyecto se ha dividido en dos secciones: una destinada a la tecnolog\u00eda, en la que se han tratado temas tales como\u00a0la hidr\u00e1ulica, la mec\u00e1nica y la electr\u00f3nica;\u00a0y otra, a la&#8230;<\/p>\n<p class=\"read-more\"><a class=\"btn btn-default\" href=\"https:\/\/www.iespedromunozseca.es\/?p=4239\"> Leer m\u00e1s<span class=\"screen-reader-text\">  Leer m\u00e1s<\/span><\/a><\/p>\n","protected":false},"author":1,"featured_media":0,"comment_status":"closed","ping_status":"open","sticky":false,"template":"","format":"standard","meta":[],"categories":[1],"tags":[],"_links":{"self":[{"href":"https:\/\/www.iespedromunozseca.es\/index.php?rest_route=\/wp\/v2\/posts\/4239"}],"collection":[{"href":"https:\/\/www.iespedromunozseca.es\/index.php?rest_route=\/wp\/v2\/posts"}],"about":[{"href":"https:\/\/www.iespedromunozseca.es\/index.php?rest_route=\/wp\/v2\/types\/post"}],"author":[{"embeddable":true,"href":"https:\/\/www.iespedromunozseca.es\/index.php?rest_route=\/wp\/v2\/users\/1"}],"replies":[{"embeddable":true,"href":"https:\/\/www.iespedromunozseca.es\/index.php?rest_route=%2Fwp%2Fv2%2Fcomments&post=4239"}],"version-history":[{"count":2,"href":"https:\/\/www.iespedromunozseca.es\/index.php?rest_route=\/wp\/v2\/posts\/4239\/revisions"}],"predecessor-version":[{"id":4251,"href":"https:\/\/www.iespedromunozseca.es\/index.php?rest_route=\/wp\/v2\/posts\/4239\/revisions\/4251"}],"wp:attachment":[{"href":"https:\/\/www.iespedromunozseca.es\/index.php?rest_route=%2Fwp%2Fv2%2Fmedia&parent=4239"}],"wp:term":[{"taxonomy":"category","embeddable":true,"href":"https:\/\/www.iespedromunozseca.es\/index.php?rest_route=%2Fwp%2Fv2%2Fcategories&post=4239"},{"taxonomy":"post_tag","embeddable":true,"href":"https:\/\/www.iespedromunozseca.es\/index.php?rest_route=%2Fwp%2Fv2%2Ftags&post=4239"}],"curies":[{"name":"wp","href":"https:\/\/api.w.org\/{rel}","templated":true}]}}