{"id":4154,"date":"2014-12-19T12:36:19","date_gmt":"2014-12-19T10:36:19","guid":{"rendered":"http:\/\/www.iespedromunozseca.es\/?p=4154"},"modified":"2014-12-19T14:49:23","modified_gmt":"2014-12-19T12:49:23","slug":"felicitacion-navidena","status":"publish","type":"post","link":"https:\/\/www.iespedromunozseca.es\/?p=4154","title":{"rendered":"FELICITACI\u00d3N NAVIDE\u00d1A"},"content":{"rendered":"<p>El IES Pedro Mu\u00f1oz Seca y el AMPA La Victoria les desea Felices Fiestas.<\/p>\n<p>Pincha en siguiente enlace para ver v\u00eddeo.<\/p>\n<p style=\"text-align: left;\"><a href=\"http:\/\/youtu.be\/McYWjqRfhdI\" target=\"_blank\">http:\/\/youtu.be\/McYWjqRfhdI<\/a><\/p>\n","protected":false},"excerpt":{"rendered":"<p>El IES Pedro Mu\u00f1oz Seca y el AMPA La Victoria les desea Felices Fiestas. Pincha en siguiente enlace para ver v\u00eddeo. http:\/\/youtu.be\/McYWjqRfhdI<\/p>\n","protected":false},"author":1,"featured_media":0,"comment_status":"closed","ping_status":"open","sticky":false,"template":"","format":"standard","meta":[],"categories":[1],"tags":[],"_links":{"self":[{"href":"https:\/\/www.iespedromunozseca.es\/index.php?rest_route=\/wp\/v2\/posts\/4154"}],"collection":[{"href":"https:\/\/www.iespedromunozseca.es\/index.php?rest_route=\/wp\/v2\/posts"}],"about":[{"href":"https:\/\/www.iespedromunozseca.es\/index.php?rest_route=\/wp\/v2\/types\/post"}],"author":[{"embeddable":true,"href":"https:\/\/www.iespedromunozseca.es\/index.php?rest_route=\/wp\/v2\/users\/1"}],"replies":[{"embeddable":true,"href":"https:\/\/www.iespedromunozseca.es\/index.php?rest_route=%2Fwp%2Fv2%2Fcomments&post=4154"}],"version-history":[{"count":3,"href":"https:\/\/www.iespedromunozseca.es\/index.php?rest_route=\/wp\/v2\/posts\/4154\/revisions"}],"predecessor-version":[{"id":4156,"href":"https:\/\/www.iespedromunozseca.es\/index.php?rest_route=\/wp\/v2\/posts\/4154\/revisions\/4156"}],"wp:attachment":[{"href":"https:\/\/www.iespedromunozseca.es\/index.php?rest_route=%2Fwp%2Fv2%2Fmedia&parent=4154"}],"wp:term":[{"taxonomy":"category","embeddable":true,"href":"https:\/\/www.iespedromunozseca.es\/index.php?rest_route=%2Fwp%2Fv2%2Fcategories&post=4154"},{"taxonomy":"post_tag","embeddable":true,"href":"https:\/\/www.iespedromunozseca.es\/index.php?rest_route=%2Fwp%2Fv2%2Ftags&post=4154"}],"curies":[{"name":"wp","href":"https:\/\/api.w.org\/{rel}","templated":true}]}}