{"id":4031,"date":"2014-05-29T14:25:52","date_gmt":"2014-05-29T12:25:52","guid":{"rendered":"http:\/\/www.iespedromunozseca.es\/?p=4031"},"modified":"2016-06-08T10:18:55","modified_gmt":"2016-06-08T08:18:55","slug":"preinscripcion-en-ciclos-formativos","status":"publish","type":"post","link":"https:\/\/www.iespedromunozseca.es\/?p=4031","title":{"rendered":"Preinscripci\u00f3n en Ciclos Formativos"},"content":{"rendered":"<p>El plazo de preinscripci\u00f3n en los ciclos formativos es del<strong> 15 al 30 de junio.<\/strong><\/p>\n<p>Puedes descargarte aqu\u00ed los correspondientes documentos de solicitud (son rellenables).<a href=\"http:\/\/www.iespedromunozseca.es\/wp-content\/uploads\/2014\/05\/anexo_b_solicitud-grado-medio.pdf\">anexo_b_solicitud-grado-medio<\/a><\/p>\n<p style=\"text-align: center;\"><a href=\"http:\/\/www.iespedromunozseca.es\/wp-content\/uploads\/2014\/05\/anexo_c_solicitud-grado-superior.pdf\">anexo_c_solicitud-grado-superior<\/a><\/p>\n<p style=\"text-align: left;\">Los c\u00f3digos de nuestros ciclos son los siguientes:<\/p>\n<p style=\"text-align: left;\">&#8211; Cuidados Auxiliares de Enfermer\u00eda: 19201<\/p>\n<p style=\"text-align: left;\">&#8211; Documentaci\u00f3n Sanitaria: 19308<\/p>\n<p style=\"text-align: left;\">&#8211; Agencias de Viajes y Gesti\u00f3n de Eventos: 11301<\/p>\n<p style=\"text-align: left;\">&#8211; Gesti\u00f3n de Alojamientos Tur\u00edsticos: 11302<\/p>\n","protected":false},"excerpt":{"rendered":"<p>El plazo de preinscripci\u00f3n en los ciclos formativos es del 15 al 30 de junio. Puedes descargarte aqu\u00ed los correspondientes documentos de solicitud (son rellenables).anexo_b_solicitud-grado-medio anexo_c_solicitud-grado-superior Los c\u00f3digos de nuestros ciclos son los siguientes: &#8211; Cuidados Auxiliares de Enfermer\u00eda: 19201 &#8211; Documentaci\u00f3n Sanitaria: 19308 &#8211; Agencias de Viajes y Gesti\u00f3n de Eventos: 11301 &#8211; Gesti\u00f3n de Alojamientos Tur\u00edsticos: 11302<\/p>\n","protected":false},"author":1,"featured_media":0,"comment_status":"closed","ping_status":"open","sticky":false,"template":"","format":"standard","meta":[],"categories":[1],"tags":[],"_links":{"self":[{"href":"https:\/\/www.iespedromunozseca.es\/index.php?rest_route=\/wp\/v2\/posts\/4031"}],"collection":[{"href":"https:\/\/www.iespedromunozseca.es\/index.php?rest_route=\/wp\/v2\/posts"}],"about":[{"href":"https:\/\/www.iespedromunozseca.es\/index.php?rest_route=\/wp\/v2\/types\/post"}],"author":[{"embeddable":true,"href":"https:\/\/www.iespedromunozseca.es\/index.php?rest_route=\/wp\/v2\/users\/1"}],"replies":[{"embeddable":true,"href":"https:\/\/www.iespedromunozseca.es\/index.php?rest_route=%2Fwp%2Fv2%2Fcomments&post=4031"}],"version-history":[{"count":5,"href":"https:\/\/www.iespedromunozseca.es\/index.php?rest_route=\/wp\/v2\/posts\/4031\/revisions"}],"predecessor-version":[{"id":4638,"href":"https:\/\/www.iespedromunozseca.es\/index.php?rest_route=\/wp\/v2\/posts\/4031\/revisions\/4638"}],"wp:attachment":[{"href":"https:\/\/www.iespedromunozseca.es\/index.php?rest_route=%2Fwp%2Fv2%2Fmedia&parent=4031"}],"wp:term":[{"taxonomy":"category","embeddable":true,"href":"https:\/\/www.iespedromunozseca.es\/index.php?rest_route=%2Fwp%2Fv2%2Fcategories&post=4031"},{"taxonomy":"post_tag","embeddable":true,"href":"https:\/\/www.iespedromunozseca.es\/index.php?rest_route=%2Fwp%2Fv2%2Ftags&post=4031"}],"curies":[{"name":"wp","href":"https:\/\/api.w.org\/{rel}","templated":true}]}}