{"id":4026,"date":"2014-05-06T17:30:49","date_gmt":"2014-05-06T15:30:49","guid":{"rendered":"http:\/\/www.iespedromunozseca.es\/?p=4026"},"modified":"2014-05-06T17:30:49","modified_gmt":"2014-05-06T15:30:49","slug":"confirmacion-de-la-eucaristia","status":"publish","type":"post","link":"https:\/\/www.iespedromunozseca.es\/?p=4026","title":{"rendered":"CONFIRMACI\u00d3N DE LA EUCARIST\u00cdA"},"content":{"rendered":"<p>Se confirma la celebraci\u00f3n de la eucarist\u00eda dentro del homenaje a nuestra compa\u00f1era Pilar Murillo.<\/p>\n<p>Tal y como estaba prevista, ser\u00e1 el jueves 8 de mayo\u00a0 a las 18:00 horas en la iglesia del Convento del Esp\u00edritu Santo.<\/p>\n","protected":false},"excerpt":{"rendered":"<p>Se confirma la celebraci\u00f3n de la eucarist\u00eda dentro del homenaje a nuestra compa\u00f1era Pilar Murillo. Tal y como estaba prevista, ser\u00e1 el jueves 8 de mayo\u00a0 a las 18:00 horas en la iglesia del Convento del Esp\u00edritu Santo.<\/p>\n","protected":false},"author":1,"featured_media":0,"comment_status":"closed","ping_status":"open","sticky":false,"template":"","format":"standard","meta":[],"categories":[1],"tags":[],"_links":{"self":[{"href":"https:\/\/www.iespedromunozseca.es\/index.php?rest_route=\/wp\/v2\/posts\/4026"}],"collection":[{"href":"https:\/\/www.iespedromunozseca.es\/index.php?rest_route=\/wp\/v2\/posts"}],"about":[{"href":"https:\/\/www.iespedromunozseca.es\/index.php?rest_route=\/wp\/v2\/types\/post"}],"author":[{"embeddable":true,"href":"https:\/\/www.iespedromunozseca.es\/index.php?rest_route=\/wp\/v2\/users\/1"}],"replies":[{"embeddable":true,"href":"https:\/\/www.iespedromunozseca.es\/index.php?rest_route=%2Fwp%2Fv2%2Fcomments&post=4026"}],"version-history":[{"count":4,"href":"https:\/\/www.iespedromunozseca.es\/index.php?rest_route=\/wp\/v2\/posts\/4026\/revisions"}],"predecessor-version":[{"id":4030,"href":"https:\/\/www.iespedromunozseca.es\/index.php?rest_route=\/wp\/v2\/posts\/4026\/revisions\/4030"}],"wp:attachment":[{"href":"https:\/\/www.iespedromunozseca.es\/index.php?rest_route=%2Fwp%2Fv2%2Fmedia&parent=4026"}],"wp:term":[{"taxonomy":"category","embeddable":true,"href":"https:\/\/www.iespedromunozseca.es\/index.php?rest_route=%2Fwp%2Fv2%2Fcategories&post=4026"},{"taxonomy":"post_tag","embeddable":true,"href":"https:\/\/www.iespedromunozseca.es\/index.php?rest_route=%2Fwp%2Fv2%2Ftags&post=4026"}],"curies":[{"name":"wp","href":"https:\/\/api.w.org\/{rel}","templated":true}]}}