{"id":3952,"date":"2014-02-16T19:37:26","date_gmt":"2014-02-16T17:37:26","guid":{"rendered":"http:\/\/www.iespedromunozseca.es\/?p=3952"},"modified":"2014-02-16T19:37:26","modified_gmt":"2014-02-16T17:37:26","slug":"rueda-de-prensa","status":"publish","type":"post","link":"https:\/\/www.iespedromunozseca.es\/?p=3952","title":{"rendered":"RUEDA DE PRENSA"},"content":{"rendered":"<p class=\"MsoNormal\"><strong><span>Ha tenido lugar en nuestro centro una rueda de prensa con la participaci\u00f3n de la concejal de Educaci\u00f3n y Patrimonio Hist\u00f3rico, Mar\u00eda Antonia Mart\u00ednez, y nuestros \u00a0alumnos de 4\u00ba de E.S.O., integrada en el marco de en un Taller de Prensa perteneciente a la Oferta Educativa Municipal e impartido por las periodistas \u00a0Marina Mir y Brenda G\u00f3mez. La concejal habl\u00f3 sobre la campa\u00f1a de concienciaci\u00f3n ciudadana para evitar destrozos en los centros educativos y contest\u00f3 a las numerosas preguntas que le plantearon los alumnos.<\/span><\/strong><\/p>\n<p class=\"MsoNormal\"><strong><span><a href=\"http:\/\/www.iespedromunozseca.es\/wp-content\/uploads\/2014\/02\/munozsecaruedaprensa2.jpg\"><img decoding=\"async\" loading=\"lazy\" class=\"alignleft size-medium wp-image-3953\" title=\"munozsecaruedaprensa2\" src=\"http:\/\/www.iespedromunozseca.es\/wp-content\/uploads\/2014\/02\/munozsecaruedaprensa2-300x225.jpg\" alt=\"munozsecaruedaprensa2\" width=\"300\" height=\"225\" srcset=\"https:\/\/www.iespedromunozseca.es\/wp-content\/uploads\/2014\/02\/munozsecaruedaprensa2-300x225.jpg 300w, https:\/\/www.iespedromunozseca.es\/wp-content\/uploads\/2014\/02\/munozsecaruedaprensa2-1024x768.jpg 1024w\" sizes=\"(max-width: 300px) 100vw, 300px\" \/><\/a><\/span><\/strong><\/p>\n<p class=\"MsoNormal\"><strong><span><a href=\"http:\/\/www.iespedromunozseca.es\/wp-content\/uploads\/2014\/02\/munozsecaruedaprensa4.jpg\"><img decoding=\"async\" loading=\"lazy\" class=\"aligncenter size-medium wp-image-3954\" title=\"munozsecaruedaprensa4\" src=\"http:\/\/www.iespedromunozseca.es\/wp-content\/uploads\/2014\/02\/munozsecaruedaprensa4-300x225.jpg\" alt=\"munozsecaruedaprensa4\" width=\"300\" height=\"225\" srcset=\"https:\/\/www.iespedromunozseca.es\/wp-content\/uploads\/2014\/02\/munozsecaruedaprensa4-300x225.jpg 300w, https:\/\/www.iespedromunozseca.es\/wp-content\/uploads\/2014\/02\/munozsecaruedaprensa4-1024x768.jpg 1024w\" sizes=\"(max-width: 300px) 100vw, 300px\" \/><\/a><\/span><\/strong><\/p>\n<p class=\"MsoNormal\"><strong><span><a href=\"http:\/\/www.iespedromunozseca.es\/wp-content\/uploads\/2014\/02\/munozsecaruedaprensa.jpg\"><img decoding=\"async\" loading=\"lazy\" class=\"aligncenter size-medium wp-image-3955\" title=\"munozsecaruedaprensa\" src=\"http:\/\/www.iespedromunozseca.es\/wp-content\/uploads\/2014\/02\/munozsecaruedaprensa-300x225.jpg\" alt=\"munozsecaruedaprensa\" width=\"300\" height=\"225\" srcset=\"https:\/\/www.iespedromunozseca.es\/wp-content\/uploads\/2014\/02\/munozsecaruedaprensa-300x225.jpg 300w, https:\/\/www.iespedromunozseca.es\/wp-content\/uploads\/2014\/02\/munozsecaruedaprensa-1024x768.jpg 1024w\" sizes=\"(max-width: 300px) 100vw, 300px\" \/><\/a><br \/>\n<\/span><\/strong><\/p>\n","protected":false},"excerpt":{"rendered":"<p>Ha tenido lugar en nuestro centro una rueda de prensa con la participaci\u00f3n de la concejal de Educaci\u00f3n y Patrimonio Hist\u00f3rico, Mar\u00eda Antonia Mart\u00ednez, y nuestros \u00a0alumnos de 4\u00ba de E.S.O., integrada en el marco de en un Taller de Prensa perteneciente a la Oferta Educativa Municipal e impartido por las periodistas \u00a0Marina Mir y Brenda G\u00f3mez. La concejal habl\u00f3 sobre la campa\u00f1a de concienciaci\u00f3n ciudadana para evitar destrozos en los centros educativos y contest\u00f3 a las numerosas preguntas que&#8230;<\/p>\n<p class=\"read-more\"><a class=\"btn btn-default\" href=\"https:\/\/www.iespedromunozseca.es\/?p=3952\"> Leer m\u00e1s<span class=\"screen-reader-text\">  Leer m\u00e1s<\/span><\/a><\/p>\n","protected":false},"author":1,"featured_media":0,"comment_status":"closed","ping_status":"open","sticky":false,"template":"","format":"standard","meta":[],"categories":[1],"tags":[],"_links":{"self":[{"href":"https:\/\/www.iespedromunozseca.es\/index.php?rest_route=\/wp\/v2\/posts\/3952"}],"collection":[{"href":"https:\/\/www.iespedromunozseca.es\/index.php?rest_route=\/wp\/v2\/posts"}],"about":[{"href":"https:\/\/www.iespedromunozseca.es\/index.php?rest_route=\/wp\/v2\/types\/post"}],"author":[{"embeddable":true,"href":"https:\/\/www.iespedromunozseca.es\/index.php?rest_route=\/wp\/v2\/users\/1"}],"replies":[{"embeddable":true,"href":"https:\/\/www.iespedromunozseca.es\/index.php?rest_route=%2Fwp%2Fv2%2Fcomments&post=3952"}],"version-history":[{"count":3,"href":"https:\/\/www.iespedromunozseca.es\/index.php?rest_route=\/wp\/v2\/posts\/3952\/revisions"}],"predecessor-version":[{"id":3958,"href":"https:\/\/www.iespedromunozseca.es\/index.php?rest_route=\/wp\/v2\/posts\/3952\/revisions\/3958"}],"wp:attachment":[{"href":"https:\/\/www.iespedromunozseca.es\/index.php?rest_route=%2Fwp%2Fv2%2Fmedia&parent=3952"}],"wp:term":[{"taxonomy":"category","embeddable":true,"href":"https:\/\/www.iespedromunozseca.es\/index.php?rest_route=%2Fwp%2Fv2%2Fcategories&post=3952"},{"taxonomy":"post_tag","embeddable":true,"href":"https:\/\/www.iespedromunozseca.es\/index.php?rest_route=%2Fwp%2Fv2%2Ftags&post=3952"}],"curies":[{"name":"wp","href":"https:\/\/api.w.org\/{rel}","templated":true}]}}