{"id":3900,"date":"2013-07-03T09:56:28","date_gmt":"2013-07-03T07:56:28","guid":{"rendered":"http:\/\/www.iespedromunozseca.es\/?p=3900"},"modified":"2013-07-03T09:59:06","modified_gmt":"2013-07-03T07:59:06","slug":"calendario-de-matriculacion-para-el-curso-2013-2014","status":"publish","type":"post","link":"https:\/\/www.iespedromunozseca.es\/?p=3900","title":{"rendered":"CALENDARIO DE MATRICULACI\u00d3N PARA EL CURSO 2013-2014"},"content":{"rendered":"<p class=\"MsoNormal\" style=\"TEXT-ALIGN: left; MARGIN: 0cm 0cm 10pt\"><strong><span style=\"line-height: 150%; font-family: 'DejaVu Sans','sans-serif'; font-size: 12pt; mso-bidi-font-size: 17.0pt;\"><\/span><\/strong><\/p>\n<p class=\"MsoNormal\" style=\"TEXT-ALIGN: left; MARGIN: 0cm 0cm 10pt\"><strong><span style=\"line-height: 150%; font-family: &quot;DejaVu Sans&quot;,&quot;sans-serif&quot;; font-size: 12pt; mso-bidi-font-size: 17.0pt;\">&#8211; Del 1 al 25 de junio <\/span><\/strong><span style=\"font-size: small;\"><strong><span style=\"line-height: 150%; font-family: &quot;DejaVu Sans&quot;,&quot;sans-serif&quot;; mso-bidi-font-size: 16.0pt;\">y <\/span><\/strong><strong><span style=\"line-height: 150%; font-family: &quot;DejaVu Sans&quot;,&quot;sans-serif&quot;; font-size: 12pt; mso-bidi-font-size: 17.0pt;\">del 1al 10 de septiembre: <\/span><\/strong><span style=\"line-height: 150%; font-family: &quot;DejaVu Sans&quot;,&quot;sans-serif&quot;; mso-bidi-font-size: 16.0pt;\">Preinscripci\u00f3n de matr\u00edcula para Ciclos formativos.<\/span><\/span><\/p>\n<p class=\"MsoNormal\" style=\"text-align: justify; line-height: 150%; margin: 0cm 0cm 0pt; mso-layout-grid-align: none;\"><span style=\"line-height: 150%; font-family: &quot;DejaVu Sans&quot;,&quot;sans-serif&quot;; mso-bidi-font-size: 16.0pt;\"><\/span><\/p>\n<p class=\"MsoNormal\" style=\"text-align: justify; line-height: 150%; margin: 0cm 0cm 0pt; mso-layout-grid-align: none;\"><strong><span style=\"line-height: 150%; font-family: &quot;DejaVu Sans&quot;,&quot;sans-serif&quot;; font-size: 12pt; mso-bidi-font-size: 17.0pt;\">&#8211; Desde el d\u00eda 26 de junio: <\/span><\/strong><span style=\"line-height: 150%; font-family: &quot;DejaVu Sans&quot;,&quot;sans-serif&quot;; mso-bidi-font-size: 16.0pt;\"><span style=\"font-size: small;\">Retirada de sobres de matr\u00edcula.<\/span><\/span><\/p>\n<p class=\"MsoNormal\" style=\"text-align: justify; line-height: 150%; margin: 0cm 0cm 0pt; mso-layout-grid-align: none;\"><span style=\"line-height: 150%; font-family: &quot;DejaVu Sans&quot;,&quot;sans-serif&quot;; font-size: 9pt; mso-bidi-font-size: 12.0pt;\">\u00a0<\/span><\/p>\n<p class=\"MsoNormal\" style=\"text-align: justify; line-height: 150%; margin: 0cm 0cm 0pt; mso-layout-grid-align: none;\"><strong><span style=\"line-height: 150%; font-family: &quot;DejaVu Sans&quot;,&quot;sans-serif&quot;; font-size: 12pt; mso-bidi-font-size: 17.0pt;\">&#8211; Desde el 25 al 30 de junio: <\/span><\/strong><span style=\"font-size: small;\"><span style=\"line-height: 150%; font-family: &quot;DejaVu Sans&quot;,&quot;sans-serif&quot;; mso-bidi-font-size: 16.0pt;\">Ciclos Formativos (alumnos <\/span><span style=\"line-height: 150%; font-family: &quot;DejaVu Sans&quot;,&quot;sans-serif&quot;; font-size: 12pt; mso-bidi-font-size: 18.0pt;\">y <\/span><span style=\"line-height: 150%; font-family: &quot;DejaVu Sans&quot;,&quot;sans-serif&quot;; mso-bidi-font-size: 16.0pt;\">alumnas del Centro).<\/span><\/span><\/p>\n<p class=\"MsoNormal\" style=\"text-align: justify; line-height: 150%; margin: 0cm 0cm 0pt; mso-layout-grid-align: none;\"><span style=\"line-height: 150%; font-family: &quot;DejaVu Sans&quot;,&quot;sans-serif&quot;; font-size: 9pt; mso-bidi-font-size: 12.0pt;\">\u00a0<\/span><\/p>\n<p class=\"MsoNormal\" style=\"text-align: justify; line-height: 150%; margin: 0cm 0cm 0pt; mso-layout-grid-align: none;\"><strong><span style=\"line-height: 150%; font-family: &quot;DejaVu Sans&quot;,&quot;sans-serif&quot;; font-size: 12pt; mso-bidi-font-size: 17.0pt;\">&#8211; D\u00edas 1 y 2 de julio: <\/span><\/strong><span style=\"line-height: 150%; font-family: &quot;DejaVu Sans&quot;,&quot;sans-serif&quot;; mso-bidi-font-size: 16.0pt;\"><span style=\"font-size: small;\">Matr\u00edcula de 1\u00ba y 2\u00ba de E.S.O.<\/span><\/span><\/p>\n<p class=\"MsoNormal\" style=\"text-align: justify; line-height: 150%; margin: 0cm 0cm 0pt; mso-layout-grid-align: none;\"><span style=\"line-height: 150%; font-family: &quot;DejaVu Sans&quot;,&quot;sans-serif&quot;; font-size: 9pt; mso-bidi-font-size: 12.0pt;\">\u00a0<\/span><\/p>\n<p class=\"MsoNormal\" style=\"text-align: justify; line-height: 150%; margin: 0cm 0cm 0pt; mso-layout-grid-align: none;\"><strong><span style=\"line-height: 150%; font-family: &quot;DejaVu Sans&quot;,&quot;sans-serif&quot;; font-size: 12pt; mso-bidi-font-size: 17.0pt;\">&#8211; D\u00edas 3 <\/span><\/strong><span style=\"font-size: small;\"><strong><span style=\"line-height: 150%; font-family: &quot;DejaVu Sans&quot;,&quot;sans-serif&quot;; mso-bidi-font-size: 16.0pt;\">y <\/span><\/strong><strong><span style=\"line-height: 150%; font-family: &quot;DejaVu Sans&quot;,&quot;sans-serif&quot;; font-size: 12pt; mso-bidi-font-size: 17.0pt;\">4 de julio: <\/span><\/strong><span style=\"line-height: 150%; font-family: &quot;DejaVu Sans&quot;,&quot;sans-serif&quot;; mso-bidi-font-size: 16.0pt;\">Matr\u00edcula de 3\u00ba y 4\u00ba de E.S.O. &#8211; l\u00ba Y 2\u00ba P.C.P.I.<\/span><\/span><\/p>\n<p class=\"MsoNormal\" style=\"text-align: justify; line-height: 150%; margin: 0cm 0cm 0pt; mso-layout-grid-align: none;\"><strong><\/strong><\/p>\n<p class=\"MsoNormal\" style=\"text-align: justify; line-height: 150%; margin: 0cm 0cm 0pt; mso-layout-grid-align: none;\"><strong><span style=\"line-height: 150%; font-family: &quot;DejaVu Sans&quot;,&quot;sans-serif&quot;; font-size: 12pt; mso-bidi-font-size: 17.0pt;\">&#8211; D\u00edas 5, 8 <\/span><\/strong><strong><span style=\"line-height: 150%; font-family: &quot;DejaVu Sans&quot;,&quot;sans-serif&quot;; font-size: 14pt; mso-bidi-font-size: 19.0pt;\">y <\/span><\/strong><strong><span style=\"line-height: 150%; font-family: &quot;DejaVu Sans&quot;,&quot;sans-serif&quot;; font-size: 12pt; mso-bidi-font-size: 17.0pt;\">9 de julio: <\/span><\/strong><span style=\"line-height: 150%; font-family: &quot;DejaVu Sans&quot;,&quot;sans-serif&quot;; mso-bidi-font-size: 16.0pt;\"><span style=\"font-size: small;\">Matr\u00edcula de Bachillerato.<\/span><\/span><\/p>\n<p class=\"MsoNormal\" style=\"text-align: justify; line-height: 150%; margin: 0cm 0cm 0pt; mso-layout-grid-align: none;\"><span style=\"line-height: 150%; font-family: &quot;DejaVu Sans&quot;,&quot;sans-serif&quot;; mso-bidi-font-size: 16.0pt;\"><span style=\"font-size: small;\">\u00a0<\/span><\/span><\/p>\n<p class=\"MsoNormal\" style=\"text-align: justify; line-height: 150%; margin: 0cm 0cm 10pt;\"><span style=\"font-size: small;\"><span style=\"line-height: 150%; font-family: &quot;DejaVu Sans&quot;,&quot;sans-serif&quot;; mso-bidi-font-size: 16.0pt;\">&#8211; <\/span><strong><span style=\"line-height: 150%; font-family: &quot;DejaVu Sans&quot;,&quot;sans-serif&quot;; font-size: 12pt; mso-bidi-font-size: 17.0pt;\">Del 10 al l5 de julio: <\/span><\/strong><span style=\"line-height: 150%; font-family: &quot;DejaVu Sans&quot;,&quot;sans-serif&quot;; mso-bidi-font-size: 16.0pt;\">Ciclos Formativos (alumnos y alumnas de nuevo ingreso).<\/span><\/span><\/p>\n<p class=\"MsoNormal\" style=\"text-align: center; line-height: 150%; margin: 0cm 0cm 10pt;\" align=\"center\"><strong style=\"mso-bidi-font-weight: normal;\"><span style=\"line-height: 150%; font-family: &quot;DejaVu Sans&quot;,&quot;sans-serif&quot;; font-size: 10pt; mso-bidi-font-size: 16.0pt;\">HORARIO DE SECRETAR\u00cdA: 10:00 A 13:30 HORAS.<\/span><\/strong><strong style=\"mso-bidi-font-weight: normal;\"><\/strong><\/p>\n","protected":false},"excerpt":{"rendered":"<p>&#8211; Del 1 al 25 de junio y del 1al 10 de septiembre: Preinscripci\u00f3n de matr\u00edcula para Ciclos formativos. &#8211; Desde el d\u00eda 26 de junio: Retirada de sobres de matr\u00edcula. \u00a0 &#8211; Desde el 25 al 30 de junio: Ciclos Formativos (alumnos y alumnas del Centro). \u00a0 &#8211; D\u00edas 1 y 2 de julio: Matr\u00edcula de 1\u00ba y 2\u00ba de E.S.O. \u00a0 &#8211; D\u00edas 3 y 4 de julio: Matr\u00edcula de 3\u00ba y 4\u00ba de E.S.O. &#8211; l\u00ba Y&#8230;<\/p>\n<p class=\"read-more\"><a class=\"btn btn-default\" href=\"https:\/\/www.iespedromunozseca.es\/?p=3900\"> Leer m\u00e1s<span class=\"screen-reader-text\">  Leer m\u00e1s<\/span><\/a><\/p>\n","protected":false},"author":1,"featured_media":0,"comment_status":"closed","ping_status":"open","sticky":false,"template":"","format":"standard","meta":[],"categories":[1],"tags":[],"_links":{"self":[{"href":"https:\/\/www.iespedromunozseca.es\/index.php?rest_route=\/wp\/v2\/posts\/3900"}],"collection":[{"href":"https:\/\/www.iespedromunozseca.es\/index.php?rest_route=\/wp\/v2\/posts"}],"about":[{"href":"https:\/\/www.iespedromunozseca.es\/index.php?rest_route=\/wp\/v2\/types\/post"}],"author":[{"embeddable":true,"href":"https:\/\/www.iespedromunozseca.es\/index.php?rest_route=\/wp\/v2\/users\/1"}],"replies":[{"embeddable":true,"href":"https:\/\/www.iespedromunozseca.es\/index.php?rest_route=%2Fwp%2Fv2%2Fcomments&post=3900"}],"version-history":[{"count":3,"href":"https:\/\/www.iespedromunozseca.es\/index.php?rest_route=\/wp\/v2\/posts\/3900\/revisions"}],"predecessor-version":[{"id":3902,"href":"https:\/\/www.iespedromunozseca.es\/index.php?rest_route=\/wp\/v2\/posts\/3900\/revisions\/3902"}],"wp:attachment":[{"href":"https:\/\/www.iespedromunozseca.es\/index.php?rest_route=%2Fwp%2Fv2%2Fmedia&parent=3900"}],"wp:term":[{"taxonomy":"category","embeddable":true,"href":"https:\/\/www.iespedromunozseca.es\/index.php?rest_route=%2Fwp%2Fv2%2Fcategories&post=3900"},{"taxonomy":"post_tag","embeddable":true,"href":"https:\/\/www.iespedromunozseca.es\/index.php?rest_route=%2Fwp%2Fv2%2Ftags&post=3900"}],"curies":[{"name":"wp","href":"https:\/\/api.w.org\/{rel}","templated":true}]}}