{"id":3860,"date":"2012-11-07T15:35:57","date_gmt":"2012-11-07T13:35:57","guid":{"rendered":"http:\/\/www.iespedromunozseca.es\/?p=3860"},"modified":"2012-11-07T15:35:57","modified_gmt":"2012-11-07T13:35:57","slug":"elecciones-a-consejo-escolar","status":"publish","type":"post","link":"https:\/\/www.iespedromunozseca.es\/?p=3860","title":{"rendered":"ELECCIONES A CONSEJO ESCOLAR"},"content":{"rendered":"<p class=\"MsoNormal\" style=\"margin: 0cm 0cm 10pt;\"><span style=\"line-height: 115%; font-family: &quot;Berlin Sans FB Demi&quot;,&quot;sans-serif&quot;; font-size: 12pt; mso-bidi-font-size: 11.0pt;\">Los d\u00edas 12 y 13 de noviembre tendr\u00e1n lugar las elecciones de los representantes en el Consejo Escolar.<\/span><\/p>\n<p class=\"MsoNormal\" style=\"margin: 0cm 0cm 10pt;\"><span style=\"line-height: 115%; font-family: &quot;Berlin Sans FB Demi&quot;,&quot;sans-serif&quot;; font-size: 12pt; mso-bidi-font-size: 11.0pt;\">D\u00eda 12 : para el sector de profesores, alumnos y personal de administraci\u00f3n y servicios.<\/span><\/p>\n<p class=\"MsoNormal\" style=\"margin: 0cm 0cm 10pt;\"><span style=\"line-height: 115%; font-family: &quot;Berlin Sans FB Demi&quot;,&quot;sans-serif&quot;; font-size: 12pt; mso-bidi-font-size: 11.0pt;\">D\u00eda 13: para el sector de padres y madres de alumnos.<\/span><\/p>\n<p class=\"MsoNormal\" style=\"margin: 0cm 0cm 10pt;\"><span style=\"line-height: 115%; font-family: &quot;Berlin Sans FB Demi&quot;,&quot;sans-serif&quot;; font-size: 12pt; mso-bidi-font-size: 11.0pt;\">Para m\u00e1s informaci\u00f3n ver\u00a0<a href=\"http:\/\/www.iespedromunozseca.es\/wp-content\/uploads\/2012\/11\/video-elecciones-a-consejo-escolar.mp4\">V\u00eddeo elecciones a consejo escolar<\/a><\/span><\/p>\n","protected":false},"excerpt":{"rendered":"<p>Los d\u00edas 12 y 13 de noviembre tendr\u00e1n lugar las elecciones de los representantes en el Consejo Escolar. D\u00eda 12 : para el sector de profesores, alumnos y personal de administraci\u00f3n y servicios. D\u00eda 13: para el sector de padres y madres de alumnos. Para m\u00e1s informaci\u00f3n ver\u00a0V\u00eddeo elecciones a consejo escolar<\/p>\n","protected":false},"author":1,"featured_media":0,"comment_status":"closed","ping_status":"open","sticky":false,"template":"","format":"standard","meta":[],"categories":[1],"tags":[],"_links":{"self":[{"href":"https:\/\/www.iespedromunozseca.es\/index.php?rest_route=\/wp\/v2\/posts\/3860"}],"collection":[{"href":"https:\/\/www.iespedromunozseca.es\/index.php?rest_route=\/wp\/v2\/posts"}],"about":[{"href":"https:\/\/www.iespedromunozseca.es\/index.php?rest_route=\/wp\/v2\/types\/post"}],"author":[{"embeddable":true,"href":"https:\/\/www.iespedromunozseca.es\/index.php?rest_route=\/wp\/v2\/users\/1"}],"replies":[{"embeddable":true,"href":"https:\/\/www.iespedromunozseca.es\/index.php?rest_route=%2Fwp%2Fv2%2Fcomments&post=3860"}],"version-history":[{"count":2,"href":"https:\/\/www.iespedromunozseca.es\/index.php?rest_route=\/wp\/v2\/posts\/3860\/revisions"}],"predecessor-version":[{"id":3863,"href":"https:\/\/www.iespedromunozseca.es\/index.php?rest_route=\/wp\/v2\/posts\/3860\/revisions\/3863"}],"wp:attachment":[{"href":"https:\/\/www.iespedromunozseca.es\/index.php?rest_route=%2Fwp%2Fv2%2Fmedia&parent=3860"}],"wp:term":[{"taxonomy":"category","embeddable":true,"href":"https:\/\/www.iespedromunozseca.es\/index.php?rest_route=%2Fwp%2Fv2%2Fcategories&post=3860"},{"taxonomy":"post_tag","embeddable":true,"href":"https:\/\/www.iespedromunozseca.es\/index.php?rest_route=%2Fwp%2Fv2%2Ftags&post=3860"}],"curies":[{"name":"wp","href":"https:\/\/api.w.org\/{rel}","templated":true}]}}