{"id":3827,"date":"2012-09-03T13:07:26","date_gmt":"2012-09-03T11:07:26","guid":{"rendered":"http:\/\/www.iespedromunozseca.es\/?p=3827"},"modified":"2012-09-06T14:32:34","modified_gmt":"2012-09-06T12:32:34","slug":"curso-2012-2013-comienzo-de-las-clases","status":"publish","type":"post","link":"https:\/\/www.iespedromunozseca.es\/?p=3827","title":{"rendered":"CURSO 2012-2013. COMIENZO DE LAS CLASES"},"content":{"rendered":"<h3>Seg\u00fan intrucciones de la\u00a0Delegaci\u00f3n de Educaci\u00f3n, el curso dar\u00e1 comienzo el d\u00eda 17 de<\/h3>\n<h3>\u00a0septiembre, \u00a0siendo el horario lectivo de 8:15 a 14:45 horas.<\/h3>\n<h3>Las presentaciones de Bachillerato y Ciclos Formativos se mantendr\u00e1n a las 12:00 horas.<\/h3>\n<p class=\"MsoNormal\" style=\"margin: 0cm 0cm 10pt;\">\u00a0<\/p>\n<p class=\"MsoNormal\" style=\"margin: 0cm 0cm 10pt;\">\u00a0<\/p>\n","protected":false},"excerpt":{"rendered":"<p>Seg\u00fan intrucciones de la\u00a0Delegaci\u00f3n de Educaci\u00f3n, el curso dar\u00e1 comienzo el d\u00eda 17 de \u00a0septiembre, \u00a0siendo el horario lectivo de 8:15 a 14:45 horas. Las presentaciones de Bachillerato y Ciclos Formativos se mantendr\u00e1n a las 12:00 horas. \u00a0 \u00a0<\/p>\n","protected":false},"author":1,"featured_media":0,"comment_status":"closed","ping_status":"open","sticky":false,"template":"","format":"standard","meta":[],"categories":[1],"tags":[],"_links":{"self":[{"href":"https:\/\/www.iespedromunozseca.es\/index.php?rest_route=\/wp\/v2\/posts\/3827"}],"collection":[{"href":"https:\/\/www.iespedromunozseca.es\/index.php?rest_route=\/wp\/v2\/posts"}],"about":[{"href":"https:\/\/www.iespedromunozseca.es\/index.php?rest_route=\/wp\/v2\/types\/post"}],"author":[{"embeddable":true,"href":"https:\/\/www.iespedromunozseca.es\/index.php?rest_route=\/wp\/v2\/users\/1"}],"replies":[{"embeddable":true,"href":"https:\/\/www.iespedromunozseca.es\/index.php?rest_route=%2Fwp%2Fv2%2Fcomments&post=3827"}],"version-history":[{"count":5,"href":"https:\/\/www.iespedromunozseca.es\/index.php?rest_route=\/wp\/v2\/posts\/3827\/revisions"}],"predecessor-version":[{"id":3830,"href":"https:\/\/www.iespedromunozseca.es\/index.php?rest_route=\/wp\/v2\/posts\/3827\/revisions\/3830"}],"wp:attachment":[{"href":"https:\/\/www.iespedromunozseca.es\/index.php?rest_route=%2Fwp%2Fv2%2Fmedia&parent=3827"}],"wp:term":[{"taxonomy":"category","embeddable":true,"href":"https:\/\/www.iespedromunozseca.es\/index.php?rest_route=%2Fwp%2Fv2%2Fcategories&post=3827"},{"taxonomy":"post_tag","embeddable":true,"href":"https:\/\/www.iespedromunozseca.es\/index.php?rest_route=%2Fwp%2Fv2%2Ftags&post=3827"}],"curies":[{"name":"wp","href":"https:\/\/api.w.org\/{rel}","templated":true}]}}