{"id":3823,"date":"2012-09-03T12:47:27","date_gmt":"2012-09-03T10:47:27","guid":{"rendered":"http:\/\/www.iespedromunozseca.es\/?p=3823"},"modified":"2012-09-04T10:32:23","modified_gmt":"2012-09-04T08:32:23","slug":"curso-2012-2013-informacion-de-interes-para-alumnos-y-padres","status":"publish","type":"post","link":"https:\/\/www.iespedromunozseca.es\/?p=3823","title":{"rendered":"Curso 2012-2013. Informaci\u00f3n de inter\u00e9s para alumnos y padres"},"content":{"rendered":"<p class=\"MsoNormal\" style=\"text-justify: inter-ideograph; text-align: justify; margin: 0cm 0cm 10pt;\"><span class=\"Ttulo1Car\"><span style=\"line-height: 115%; color: windowtext; font-size: 14pt;\"><strong><\/strong><\/span><\/span><\/p>\n<p class=\"MsoNormal\" style=\"text-justify: inter-ideograph; text-align: justify; margin: 0cm 0cm 10pt;\"><span class=\"Ttulo1Car\"><span style=\"line-height: 115%; color: windowtext; font-size: 14pt;\"><strong><span style=\"font-family: Cambria;\">Publicaci\u00f3n de calificaciones ex\u00e1menes de septiembre<\/span><\/strong><\/span><\/span><span style=\"line-height: 115%; font-size: 12pt;\"><span style=\"font-family: Calibri;\">:<span style=\"mso-spacerun: yes;\">\u00a0\u00a0\u00a0 <\/span>d\u00eda 6 de septiembre.<\/span><\/span><\/p>\n<p class=\"MsoNormal\" style=\"text-justify: inter-ideograph; text-align: justify; margin: 0cm 0cm 10pt;\"><span style=\"line-height: 115%; font-size: 12pt;\"><\/span><\/p>\n<p class=\"MsoNormal\" style=\"text-justify: inter-ideograph; text-align: justify; margin: 0cm 0cm 10pt;\"><span class=\"Ttulo1Car\"><span style=\"line-height: 115%; color: windowtext; font-size: 14pt;\"><strong><span style=\"font-family: Cambria;\">Plazo de reclamaciones<\/span><\/strong><\/span><\/span><span style=\"line-height: 115%; font-size: 12pt;\"><span style=\"font-family: Calibri;\"> :<span style=\"mso-spacerun: yes;\">\u00a0 <\/span>d\u00edas 7 y 10 de septiembre.<\/span><\/span><\/p>\n<div><span style=\"line-height: 115%; font-size: 12pt;\"><\/span><\/div>\n<p><span style=\"line-height: 115%; font-size: 12pt;\"><span style=\"font-family: Calibri;\"><\/p>\n<p class=\"MsoNormal\" style=\"text-justify: inter-ideograph; text-align: justify; margin: 0cm 0cm 10pt;\"><span class=\"Ttulo1Car\"><span style=\"line-height: 115%; color: windowtext; font-size: 14pt;\"><strong><span style=\"font-family: Cambria;\">Matr\u00edculas:<\/span><\/strong><\/span><\/span><span style=\"line-height: 115%; font-size: 12pt;\"> <\/span><\/p>\n<p class=\"MsoNormal\" style=\"text-justify: inter-ideograph; text-align: justify; margin: 0cm 0cm 10pt;\"><span style=\"line-height: 115%; font-size: 12pt;\"><span style=\"mso-tab-count: 1;\">\u00a0\u00a0\u00a0\u00a0\u00a0\u00a0\u00a0\u00a0\u00a0\u00a0\u00a0 <\/span><strong style=\"mso-bidi-font-weight: normal;\">ESO, Bachilleratos y P.C.P.I.<\/strong>: 6, 7 y 10 (hasta las 11:00h) de septiembre.<\/span><\/p>\n<p class=\"MsoNormal\" style=\"text-justify: inter-ideograph; text-align: justify; text-indent: -99.3pt; margin: 0cm 0cm 10pt 134.7pt;\"><strong style=\"mso-bidi-font-weight: normal;\"><span style=\"line-height: 115%; font-size: 12pt;\">Ciclos Formativos<\/span><\/strong><span style=\"line-height: 115%; font-size: 12pt;\">:<span style=\"mso-spacerun: yes;\">\u00a0 <\/span>Del 1 al 8 de septiembre (para alumnos admitidos en la 2\u00aa adjudicaci\u00f3n).<\/span><\/p>\n<p class=\"MsoNormal\" style=\"text-justify: inter-ideograph; text-align: justify; margin: 0cm 0cm 0pt 134.7pt;\"><span style=\"line-height: 115%; font-size: 12pt;\">Del 1 al 10 de septiembre (preinscripci\u00f3n de alumnos nuevos).<\/span><\/p>\n<p><\/span><\/span><\/p>\n<p class=\"MsoNormal\" style=\"text-justify: inter-ideograph; text-align: justify; margin: 0cm 0cm 0pt;\"><span class=\"Ttulo1Car\"><span style=\"line-height: 115%; color: windowtext; font-size: 14pt;\"><strong><span style=\"font-family: Cambria;\">Devoluci\u00f3n de libros de texto:<\/span><\/strong><\/span><\/span><span style=\"line-height: 115%; font-size: 12pt;\"> hasta el d\u00eda 6 de septiembre (inclusive) en jefatura de estudios.<\/span><\/p>\n<p>\u00a0<\/p>\n<p>\u00a0<\/p>\n<p class=\"MsoNormal\" style=\"text-justify: inter-ideograph; text-align: justify; margin: 0cm 0cm 10pt;\">\u00a0<span class=\"Ttulo1Car\"><span style=\"line-height: 115%; color: windowtext; font-size: 14pt;\"><strong><span style=\"font-family: Cambria;\">Entrega de cheque-libro a <span style=\"mso-spacerun: yes;\">\u00a0<\/span>los alumnos de 2\u00ba ESO matriculados en septiembre<\/span><\/strong><\/span><\/span><span style=\"line-height: 115%; font-size: 12pt;\"><span style=\"font-family: Calibri;\">: <span style=\"mso-spacerun: yes;\">\u00a0<\/span>d\u00eda 12 de septiembre de 10:00 a 13:00 horas.<\/span><\/span><\/p>\n<p class=\"MsoNormal\" style=\"text-justify: inter-ideograph; text-align: justify; margin: 0cm 0cm 10pt;\"><span style=\"line-height: 115%; font-size: 12pt;\"><span style=\"font-family: Calibri;\">\u00a0<\/span><\/span><\/p>\n<p class=\"MsoNormal\" style=\"text-justify: inter-ideograph; text-align: justify; margin: 0cm 0cm 10pt;\"><span style=\"line-height: 115%; font-size: 12pt;\"><\/span><\/p>\n<div style=\"padding-bottom: 1pt; padding-left: 4pt; padding-right: 4pt; padding-top: 1pt; mso-border-alt: solid windowtext .5pt; mso-element: para-border-div; border: windowtext 1pt solid;\">\n<p class=\"MsoNormal\" style=\"text-justify: inter-ideograph; text-align: justify; margin: 0cm 0cm 10pt; mso-border-alt: solid windowtext .5pt; mso-padding-alt: 1.0pt 4.0pt 1.0pt 4.0pt; padding: 0cm;\"><span class=\"TtuloCar\"><span style=\"line-height: 115%; color: windowtext; font-size: 18pt; mso-bidi-font-size: 26.0pt;\"><span style=\"font-family: Cambria;\">Nota muy importante para alumnos de 2\u00ba de bachillerato que se presenten a selectividad<\/span><\/span><\/span><span style=\"line-height: 115%; font-size: 12pt;\"><span style=\"font-family: Calibri;\">: <span style=\"mso-spacerun: yes;\">\u00a0<\/span><\/span><\/span><\/p>\n<p class=\"MsoNormal\" style=\"text-justify: inter-ideograph; text-align: justify; margin: 0cm 0cm 10pt; mso-border-alt: solid windowtext .5pt; mso-padding-alt: 1.0pt 4.0pt 1.0pt 4.0pt; padding: 0cm;\"><span style=\"line-height: 115%; font-size: 12pt;\"><span style=\"font-family: Calibri;\"><span style=\"mso-spacerun: yes;\">\u00a0<\/span><span style=\"mso-spacerun: yes;\">\u00a0<\/span>El d\u00eda 6 de septiembre deber\u00e1n pasar por jefatura de estudios a las 9:30 horas <span style=\"mso-spacerun: yes;\">\u00a0<\/span>para realizar la preinscripci\u00f3n a la misma (el plazo acaba el mismo d\u00eda 6).<\/span><\/span><\/p>\n<p class=\"MsoNormal\" style=\"text-justify: inter-ideograph; text-align: justify; margin: 0cm 0cm 10pt; mso-border-alt: solid windowtext .5pt; mso-padding-alt: 1.0pt 4.0pt 1.0pt 4.0pt; padding: 0cm;\"><span style=\"line-height: 115%; font-size: 12pt;\"><span style=\"font-family: Calibri;\">\u00a0<\/span><\/span><\/p>\n<\/div>\n","protected":false},"excerpt":{"rendered":"<p>Publicaci\u00f3n de calificaciones ex\u00e1menes de septiembre:\u00a0\u00a0\u00a0 d\u00eda 6 de septiembre. Plazo de reclamaciones :\u00a0 d\u00edas 7 y 10 de septiembre. Matr\u00edculas: \u00a0\u00a0\u00a0\u00a0\u00a0\u00a0\u00a0\u00a0\u00a0\u00a0\u00a0 ESO, Bachilleratos y P.C.P.I.: 6, 7 y 10 (hasta las 11:00h) de septiembre. Ciclos Formativos:\u00a0 Del 1 al 8 de septiembre (para alumnos admitidos en la 2\u00aa adjudicaci\u00f3n). Del 1 al 10 de septiembre (preinscripci\u00f3n de alumnos nuevos). Devoluci\u00f3n de libros de texto: hasta el d\u00eda 6 de septiembre (inclusive) en jefatura de estudios. \u00a0 \u00a0 \u00a0Entrega de&#8230;<\/p>\n<p class=\"read-more\"><a class=\"btn btn-default\" href=\"https:\/\/www.iespedromunozseca.es\/?p=3823\"> Leer m\u00e1s<span class=\"screen-reader-text\">  Leer m\u00e1s<\/span><\/a><\/p>\n","protected":false},"author":1,"featured_media":0,"comment_status":"closed","ping_status":"open","sticky":false,"template":"","format":"standard","meta":[],"categories":[1],"tags":[],"_links":{"self":[{"href":"https:\/\/www.iespedromunozseca.es\/index.php?rest_route=\/wp\/v2\/posts\/3823"}],"collection":[{"href":"https:\/\/www.iespedromunozseca.es\/index.php?rest_route=\/wp\/v2\/posts"}],"about":[{"href":"https:\/\/www.iespedromunozseca.es\/index.php?rest_route=\/wp\/v2\/types\/post"}],"author":[{"embeddable":true,"href":"https:\/\/www.iespedromunozseca.es\/index.php?rest_route=\/wp\/v2\/users\/1"}],"replies":[{"embeddable":true,"href":"https:\/\/www.iespedromunozseca.es\/index.php?rest_route=%2Fwp%2Fv2%2Fcomments&post=3823"}],"version-history":[{"count":6,"href":"https:\/\/www.iespedromunozseca.es\/index.php?rest_route=\/wp\/v2\/posts\/3823\/revisions"}],"predecessor-version":[{"id":3832,"href":"https:\/\/www.iespedromunozseca.es\/index.php?rest_route=\/wp\/v2\/posts\/3823\/revisions\/3832"}],"wp:attachment":[{"href":"https:\/\/www.iespedromunozseca.es\/index.php?rest_route=%2Fwp%2Fv2%2Fmedia&parent=3823"}],"wp:term":[{"taxonomy":"category","embeddable":true,"href":"https:\/\/www.iespedromunozseca.es\/index.php?rest_route=%2Fwp%2Fv2%2Fcategories&post=3823"},{"taxonomy":"post_tag","embeddable":true,"href":"https:\/\/www.iespedromunozseca.es\/index.php?rest_route=%2Fwp%2Fv2%2Ftags&post=3823"}],"curies":[{"name":"wp","href":"https:\/\/api.w.org\/{rel}","templated":true}]}}