{"id":3785,"date":"2012-03-06T19:02:33","date_gmt":"2012-03-06T17:02:33","guid":{"rendered":"http:\/\/www.iespedromunozseca.es\/?p=3785"},"modified":"2012-03-06T19:02:33","modified_gmt":"2012-03-06T17:02:33","slug":"celebracion-del-dia-de-andalucia-2","status":"publish","type":"post","link":"https:\/\/www.iespedromunozseca.es\/?p=3785","title":{"rendered":"CELEBRACI\u00d3N DEL D\u00cdA DE ANDALUC\u00cdA"},"content":{"rendered":"<p class=\"MsoNormal\" style=\"text-justify: inter-ideograph; text-align: justify; line-height: 150%; margin: 0cm 0cm 0pt; tab-stops: 45.8pt 91.6pt 137.4pt 183.2pt 229.0pt 274.8pt 320.6pt 366.4pt 412.2pt 458.0pt 503.8pt 549.6pt 595.4pt 641.2pt 687.0pt 732.8pt;\"><strong style=\"mso-bidi-font-weight: normal;\"><span style=\"line-height: 150%; font-family: &quot;Century Schoolbook&quot;,&quot;serif&quot;; color: #3c8b1d; font-size: 10pt; mso-fareast-font-family: 'Times New Roman'; mso-bidi-font-family: 'Courier New';\">Los alumnos y alumnas de secundaria y PCPI visionaron un documental, elaborado por la profesora Do\u00f1a Manuela Alc\u00e1ntara, sobre Andaluc\u00eda vista a trav\u00e9s de sus poetas. Los poemas fueron recitados por alumnos y alumnas.<\/span><\/strong><\/p>\n<p class=\"MsoNormal\" style=\"text-justify: inter-ideograph; text-align: justify; line-height: 150%; margin: 0cm 0cm 0pt; tab-stops: 45.8pt 91.6pt 137.4pt 183.2pt 229.0pt 274.8pt 320.6pt 366.4pt 412.2pt 458.0pt 503.8pt 549.6pt 595.4pt 641.2pt 687.0pt 732.8pt;\"><strong style=\"mso-bidi-font-weight: normal;\"><span style=\"line-height: 150%; font-family: &quot;Century Schoolbook&quot;,&quot;serif&quot;; color: #3c8b1d; font-size: 10pt; mso-fareast-font-family: 'Times New Roman'; mso-bidi-font-family: 'Courier New';\">Tambi\u00e9n se ofreci\u00f3 un homenaje al cantaor flamenco Camar\u00f3n de la Isla, en memoria a los veinte a\u00f1os de su fallecimiento.<\/span><\/strong><\/p>\n<p class=\"MsoNormal\" style=\"text-justify: inter-ideograph; text-align: justify; line-height: 150%; margin: 0cm 0cm 0pt; tab-stops: 45.8pt 91.6pt 137.4pt 183.2pt 229.0pt 274.8pt 320.6pt 366.4pt 412.2pt 458.0pt 503.8pt 549.6pt 595.4pt 641.2pt 687.0pt 732.8pt;\"><strong style=\"mso-bidi-font-weight: normal;\"><span style=\"line-height: 150%; font-family: &quot;Century Schoolbook&quot;,&quot;serif&quot;; color: #3c8b1d; font-size: 10pt; mso-fareast-font-family: 'Times New Roman'; mso-bidi-font-family: 'Courier New';\">Los alumnos de primero de Bachillerato elaboraron carteles sobre \u00abmujeres andaluzas importantes\u00bb.<\/span><\/strong><\/p>\n<p class=\"MsoNormal\" style=\"text-justify: inter-ideograph; text-align: justify; line-height: 150%; margin: 0cm 0cm 0pt; tab-stops: 45.8pt 91.6pt 137.4pt 183.2pt 229.0pt 274.8pt 320.6pt 366.4pt 412.2pt 458.0pt 503.8pt 549.6pt 595.4pt 641.2pt 687.0pt 732.8pt;\"><strong style=\"mso-bidi-font-weight: normal;\"><span style=\"line-height: 150%; font-family: &quot;Century Schoolbook&quot;,&quot;serif&quot;; color: #3c8b1d; font-size: 10pt; mso-fareast-font-family: 'Times New Roman'; mso-bidi-font-family: 'Courier New';\">\u00a0<\/span><\/strong><\/p>\n<p class=\"MsoNormal\" style=\"text-justify: inter-ideograph; text-align: justify; line-height: 150%; margin: 0cm 0cm 0pt; tab-stops: 45.8pt 91.6pt 137.4pt 183.2pt 229.0pt 274.8pt 320.6pt 366.4pt 412.2pt 458.0pt 503.8pt 549.6pt 595.4pt 641.2pt 687.0pt 732.8pt;\"><strong style=\"mso-bidi-font-weight: normal;\"><span style=\"line-height: 150%; font-family: &quot;Century Schoolbook&quot;,&quot;serif&quot;; color: #3c8b1d; font-size: 10pt; mso-fareast-font-family: 'Times New Roman'; mso-bidi-font-family: 'Courier New';\"><\/span><\/strong><\/p>\n<p class=\"MsoNormal\" style=\"text-justify: inter-ideograph; text-align: justify; line-height: 150%; margin: 0cm 0cm 0pt; tab-stops: 45.8pt 91.6pt 137.4pt 183.2pt 229.0pt 274.8pt 320.6pt 366.4pt 412.2pt 458.0pt 503.8pt 549.6pt 595.4pt 641.2pt 687.0pt 732.8pt;\"><strong style=\"mso-bidi-font-weight: normal;\"><span style=\"line-height: 150%; font-family: &quot;Century Schoolbook&quot;,&quot;serif&quot;; color: #3c8b1d; font-size: 10pt; mso-fareast-font-family: 'Times New Roman'; mso-bidi-font-family: 'Courier New';\"><a href=\"http:\/\/www.iespedromunozseca.es\/wp-content\/uploads\/2012\/03\/foto01331.jpg\"><img decoding=\"async\" loading=\"lazy\" class=\"alignleft size-thumbnail wp-image-3790\" title=\"foto01331\" src=\"http:\/\/www.iespedromunozseca.es\/wp-content\/uploads\/2012\/03\/foto01331-150x150.jpg\" alt=\"foto01331\" width=\"192\" height=\"168\" \/><\/a>\u00a0\u00a0\u00a0\u00a0\u00a0\u00a0\u00a0\u00a0\u00a0\u00a0\u00a0\u00a0\u00a0\u00a0\u00a0\u00a0\u00a0\u00a0\u00a0\u00a0\u00a0\u00a0\u00a0 <img decoding=\"async\" loading=\"lazy\" class=\"size-thumbnail wp-image-3791 alignnone\" title=\"foto01341\" src=\"http:\/\/www.iespedromunozseca.es\/wp-content\/uploads\/2012\/03\/foto01341-150x150.jpg\" alt=\"foto01341\" width=\"201\" height=\"169\" \/>\u00a0\u00a0\u00a0\u00a0\u00a0\u00a0\u00a0\u00a0\u00a0\u00a0\u00a0\u00a0\u00a0\u00a0\u00a0\u00a0\u00a0\u00a0\u00a0 <a href=\"http:\/\/www.iespedromunozseca.es\/wp-content\/uploads\/2012\/03\/foto01351.jpg\"><img decoding=\"async\" loading=\"lazy\" class=\"size-thumbnail wp-image-3792 alignnone\" title=\"foto01351\" src=\"http:\/\/www.iespedromunozseca.es\/wp-content\/uploads\/2012\/03\/foto01351-150x150.jpg\" alt=\"foto01351\" width=\"211\" height=\"165\" \/><\/a><\/span><\/strong><\/p>\n<p class=\"MsoNormal\" style=\"line-height: 150%; margin: 0cm 0cm 0pt; tab-stops: 45.8pt 91.6pt 137.4pt 183.2pt 229.0pt 274.8pt 320.6pt 366.4pt 412.2pt 458.0pt 503.8pt 549.6pt 595.4pt 641.2pt 687.0pt 732.8pt;\"><strong style=\"mso-bidi-font-weight: normal;\"><span style=\"line-height: 150%; font-family: &quot;Century Schoolbook&quot;,&quot;serif&quot;; color: #3c8b1d; font-size: 10pt; mso-fareast-font-family: 'Times New Roman'; mso-bidi-font-family: 'Courier New'; mso-no-proof: yes;\"><span style=\"mso-spacerun: yes;\">\u00a0 <\/span><span style=\"mso-spacerun: yes;\">\u00a0\u00a0\u00a0\u00a0\u00a0\u00a0\u00a0\u00a0\u00a0\u00a0\u00a0<\/span> <\/span><\/strong><\/p>\n<p class=\"MsoNormal\" style=\"line-height: 150%; margin: 0cm 0cm 0pt; tab-stops: 45.8pt 91.6pt 137.4pt 183.2pt 229.0pt 274.8pt 320.6pt 366.4pt 412.2pt 458.0pt 503.8pt 549.6pt 595.4pt 641.2pt 687.0pt 732.8pt;\"><strong style=\"mso-bidi-font-weight: normal;\"><span style=\"line-height: 150%; font-family: &quot;Century Schoolbook&quot;,&quot;serif&quot;; color: #3c8b1d; font-size: 10pt; mso-fareast-font-family: 'Times New Roman'; mso-bidi-font-family: 'Courier New'; mso-no-proof: yes;\">\u00a0<\/span><\/strong><\/p>\n<p class=\"MsoNormal\" style=\"text-align: center; line-height: 150%; margin: 0cm 0cm 0pt; tab-stops: 45.8pt 91.6pt 137.4pt 183.2pt 229.0pt 274.8pt 320.6pt 366.4pt 412.2pt 458.0pt 503.8pt 549.6pt 595.4pt 641.2pt 687.0pt 732.8pt;\" align=\"center\"><strong style=\"mso-bidi-font-weight: normal;\"><span style=\"line-height: 150%; font-family: &quot;Century Schoolbook&quot;,&quot;serif&quot;; color: #3c8b1d; font-size: 10pt; mso-fareast-font-family: 'Times New Roman'; mso-bidi-font-family: 'Courier New'; mso-no-proof: yes;\"><\/span><\/strong><strong style=\"mso-bidi-font-weight: normal;\"><span style=\"line-height: 150%; font-family: &quot;Century Schoolbook&quot;,&quot;serif&quot;; color: #3c8b1d; font-size: 10pt; mso-fareast-font-family: 'Times New Roman'; mso-bidi-font-family: 'Courier New';\"><\/span><\/strong><\/p>\n","protected":false},"excerpt":{"rendered":"<p>Los alumnos y alumnas de secundaria y PCPI visionaron un documental, elaborado por la profesora Do\u00f1a Manuela Alc\u00e1ntara, sobre Andaluc\u00eda vista a trav\u00e9s de sus poetas. Los poemas fueron recitados por alumnos y alumnas. Tambi\u00e9n se ofreci\u00f3 un homenaje al cantaor flamenco Camar\u00f3n de la Isla, en memoria a los veinte a\u00f1os de su fallecimiento. Los alumnos de primero de Bachillerato elaboraron carteles sobre \u00abmujeres andaluzas importantes\u00bb. \u00a0 \u00a0\u00a0\u00a0\u00a0\u00a0\u00a0\u00a0\u00a0\u00a0\u00a0\u00a0\u00a0\u00a0\u00a0\u00a0\u00a0\u00a0\u00a0\u00a0\u00a0\u00a0\u00a0\u00a0 \u00a0\u00a0\u00a0\u00a0\u00a0\u00a0\u00a0\u00a0\u00a0\u00a0\u00a0\u00a0\u00a0\u00a0\u00a0\u00a0\u00a0\u00a0\u00a0 \u00a0 \u00a0\u00a0\u00a0\u00a0\u00a0\u00a0\u00a0\u00a0\u00a0\u00a0\u00a0 \u00a0<\/p>\n","protected":false},"author":1,"featured_media":0,"comment_status":"closed","ping_status":"open","sticky":false,"template":"","format":"standard","meta":[],"categories":[43],"tags":[],"_links":{"self":[{"href":"https:\/\/www.iespedromunozseca.es\/index.php?rest_route=\/wp\/v2\/posts\/3785"}],"collection":[{"href":"https:\/\/www.iespedromunozseca.es\/index.php?rest_route=\/wp\/v2\/posts"}],"about":[{"href":"https:\/\/www.iespedromunozseca.es\/index.php?rest_route=\/wp\/v2\/types\/post"}],"author":[{"embeddable":true,"href":"https:\/\/www.iespedromunozseca.es\/index.php?rest_route=\/wp\/v2\/users\/1"}],"replies":[{"embeddable":true,"href":"https:\/\/www.iespedromunozseca.es\/index.php?rest_route=%2Fwp%2Fv2%2Fcomments&post=3785"}],"version-history":[{"count":4,"href":"https:\/\/www.iespedromunozseca.es\/index.php?rest_route=\/wp\/v2\/posts\/3785\/revisions"}],"predecessor-version":[{"id":3795,"href":"https:\/\/www.iespedromunozseca.es\/index.php?rest_route=\/wp\/v2\/posts\/3785\/revisions\/3795"}],"wp:attachment":[{"href":"https:\/\/www.iespedromunozseca.es\/index.php?rest_route=%2Fwp%2Fv2%2Fmedia&parent=3785"}],"wp:term":[{"taxonomy":"category","embeddable":true,"href":"https:\/\/www.iespedromunozseca.es\/index.php?rest_route=%2Fwp%2Fv2%2Fcategories&post=3785"},{"taxonomy":"post_tag","embeddable":true,"href":"https:\/\/www.iespedromunozseca.es\/index.php?rest_route=%2Fwp%2Fv2%2Ftags&post=3785"}],"curies":[{"name":"wp","href":"https:\/\/api.w.org\/{rel}","templated":true}]}}