{"id":3739,"date":"2011-06-27T17:38:44","date_gmt":"2011-06-27T15:38:44","guid":{"rendered":"http:\/\/www.iespedromunozseca.es\/?p=3739"},"modified":"2011-06-27T17:38:44","modified_gmt":"2011-06-27T15:38:44","slug":"recetario-ies-pedro-munoz-seca","status":"publish","type":"post","link":"https:\/\/www.iespedromunozseca.es\/?p=3739","title":{"rendered":"Recetario IES Pedro Mu\u00f1oz Seca"},"content":{"rendered":"<address style=\"text-align: center;\"><span style=\"font-family: mceinline;\">Nuestro compa\u00f1ero\u00a0\u00a0Emilio Jim\u00e9nez, profesor del PCPI de electricidad, ha recopilado las recetas de gran parte de los platos que, a lo largo del curso, hemos ido aportando a nuestras estupendas comidas en el instituto. Producto de su paciencia y buen hacer nace un cuaderno recetario que recoge, adem\u00e1s del modus operandi, rese\u00f1as hist\u00f3ricas y fotograf\u00edas. Todo ello, unido a \u00a0una magn\u00edfica presentaci\u00f3n, ha dado como resultado un pr\u00e1ctico y entra\u00f1able<a href=\"http:\/\/www.iespedromunozseca.es\/wp-content\/uploads\/2011\/06\/dibujo1.jpg\"><\/a><\/span><span style=\"font-family: mceinline;\"> recuerdo.<\/span><span style=\"font-family: mceinline;\"><a href=\"http:\/\/www.iespedromunozseca.es\/wp-content\/uploads\/2011\/06\/dibujo1.jpg\"><\/a><\/span><span style=\"font-family: mceinline;\"><strong>\u00a1Muchas gracias, Emilio! <\/strong><\/span><\/address>\n<p><img decoding=\"async\" loading=\"lazy\" class=\"size-medium wp-image-3741 alignright\" title=\"dibujo1\" src=\"http:\/\/www.iespedromunozseca.es\/wp-content\/uploads\/2011\/06\/dibujo1-300x225.jpg\" alt=\"dibujo1\" width=\"300\" height=\"225\" srcset=\"https:\/\/www.iespedromunozseca.es\/wp-content\/uploads\/2011\/06\/dibujo1-300x225.jpg 300w, https:\/\/www.iespedromunozseca.es\/wp-content\/uploads\/2011\/06\/dibujo1.jpg 512w\" sizes=\"(max-width: 300px) 100vw, 300px\" \/><\/p>\n","protected":false},"excerpt":{"rendered":"<p>Nuestro compa\u00f1ero\u00a0\u00a0Emilio Jim\u00e9nez, profesor del PCPI de electricidad, ha recopilado las recetas de gran parte de los platos que, a lo largo del curso, hemos ido aportando a nuestras estupendas comidas en el instituto. Producto de su paciencia y buen hacer nace un cuaderno recetario que recoge, adem\u00e1s del modus operandi, rese\u00f1as hist\u00f3ricas y fotograf\u00edas. Todo ello, unido a \u00a0una magn\u00edfica presentaci\u00f3n, ha dado como resultado un pr\u00e1ctico y entra\u00f1able recuerdo.\u00a1Muchas gracias, Emilio!<\/p>\n","protected":false},"author":1,"featured_media":0,"comment_status":"closed","ping_status":"open","sticky":false,"template":"","format":"standard","meta":[],"categories":[1],"tags":[29,31],"_links":{"self":[{"href":"https:\/\/www.iespedromunozseca.es\/index.php?rest_route=\/wp\/v2\/posts\/3739"}],"collection":[{"href":"https:\/\/www.iespedromunozseca.es\/index.php?rest_route=\/wp\/v2\/posts"}],"about":[{"href":"https:\/\/www.iespedromunozseca.es\/index.php?rest_route=\/wp\/v2\/types\/post"}],"author":[{"embeddable":true,"href":"https:\/\/www.iespedromunozseca.es\/index.php?rest_route=\/wp\/v2\/users\/1"}],"replies":[{"embeddable":true,"href":"https:\/\/www.iespedromunozseca.es\/index.php?rest_route=%2Fwp%2Fv2%2Fcomments&post=3739"}],"version-history":[{"count":2,"href":"https:\/\/www.iespedromunozseca.es\/index.php?rest_route=\/wp\/v2\/posts\/3739\/revisions"}],"predecessor-version":[{"id":3743,"href":"https:\/\/www.iespedromunozseca.es\/index.php?rest_route=\/wp\/v2\/posts\/3739\/revisions\/3743"}],"wp:attachment":[{"href":"https:\/\/www.iespedromunozseca.es\/index.php?rest_route=%2Fwp%2Fv2%2Fmedia&parent=3739"}],"wp:term":[{"taxonomy":"category","embeddable":true,"href":"https:\/\/www.iespedromunozseca.es\/index.php?rest_route=%2Fwp%2Fv2%2Fcategories&post=3739"},{"taxonomy":"post_tag","embeddable":true,"href":"https:\/\/www.iespedromunozseca.es\/index.php?rest_route=%2Fwp%2Fv2%2Ftags&post=3739"}],"curies":[{"name":"wp","href":"https:\/\/api.w.org\/{rel}","templated":true}]}}