{"id":3731,"date":"2011-06-16T13:25:56","date_gmt":"2011-06-16T11:25:56","guid":{"rendered":"http:\/\/www.iespedromunozseca.es\/?p=3731"},"modified":"2011-06-16T13:25:56","modified_gmt":"2011-06-16T11:25:56","slug":"examenes-finales-de-formacion-profesional","status":"publish","type":"post","link":"https:\/\/www.iespedromunozseca.es\/?p=3731","title":{"rendered":"Examenes finales de Formaci\u00f3n Profesional"},"content":{"rendered":"<p>Durante los d\u00edas 21 a 23 de junio tendr\u00e1n lugar los examenes finales de aquellos alumnos de los ciclos formativos que tuvieran pendiente de recuperar alguna evaluaci\u00f3n de cualquiera de los m\u00f3dulos profesionales. Los animamos\u00a0 para que estudien, se preparen bien y APRUEBEN.<\/p>\n<p style=\"text-align: center;\"><a href=\"http:\/\/www.iespedromunozseca.es\/wp-content\/uploads\/2011\/06\/examenes-jpg.png\"><img decoding=\"async\" loading=\"lazy\" class=\"aligncenter size-full wp-image-3732\" title=\"examenes-jpg\" src=\"http:\/\/www.iespedromunozseca.es\/wp-content\/uploads\/2011\/06\/examenes-jpg.png\" alt=\"examenes-jpg\" width=\"240\" height=\"240\" srcset=\"https:\/\/www.iespedromunozseca.es\/wp-content\/uploads\/2011\/06\/examenes-jpg.png 400w, https:\/\/www.iespedromunozseca.es\/wp-content\/uploads\/2011\/06\/examenes-jpg-150x150.png 150w, https:\/\/www.iespedromunozseca.es\/wp-content\/uploads\/2011\/06\/examenes-jpg-300x300.png 300w\" sizes=\"(max-width: 240px) 100vw, 240px\" \/><\/a><\/p>\n","protected":false},"excerpt":{"rendered":"<p>Durante los d\u00edas 21 a 23 de junio tendr\u00e1n lugar los examenes finales de aquellos alumnos de los ciclos formativos que tuvieran pendiente de recuperar alguna evaluaci\u00f3n de cualquiera de los m\u00f3dulos profesionales. Los animamos\u00a0 para que estudien, se preparen bien y APRUEBEN.<\/p>\n","protected":false},"author":1,"featured_media":0,"comment_status":"closed","ping_status":"open","sticky":false,"template":"","format":"standard","meta":[],"categories":[41],"tags":[12],"_links":{"self":[{"href":"https:\/\/www.iespedromunozseca.es\/index.php?rest_route=\/wp\/v2\/posts\/3731"}],"collection":[{"href":"https:\/\/www.iespedromunozseca.es\/index.php?rest_route=\/wp\/v2\/posts"}],"about":[{"href":"https:\/\/www.iespedromunozseca.es\/index.php?rest_route=\/wp\/v2\/types\/post"}],"author":[{"embeddable":true,"href":"https:\/\/www.iespedromunozseca.es\/index.php?rest_route=\/wp\/v2\/users\/1"}],"replies":[{"embeddable":true,"href":"https:\/\/www.iespedromunozseca.es\/index.php?rest_route=%2Fwp%2Fv2%2Fcomments&post=3731"}],"version-history":[{"count":3,"href":"https:\/\/www.iespedromunozseca.es\/index.php?rest_route=\/wp\/v2\/posts\/3731\/revisions"}],"predecessor-version":[{"id":3735,"href":"https:\/\/www.iespedromunozseca.es\/index.php?rest_route=\/wp\/v2\/posts\/3731\/revisions\/3735"}],"wp:attachment":[{"href":"https:\/\/www.iespedromunozseca.es\/index.php?rest_route=%2Fwp%2Fv2%2Fmedia&parent=3731"}],"wp:term":[{"taxonomy":"category","embeddable":true,"href":"https:\/\/www.iespedromunozseca.es\/index.php?rest_route=%2Fwp%2Fv2%2Fcategories&post=3731"},{"taxonomy":"post_tag","embeddable":true,"href":"https:\/\/www.iespedromunozseca.es\/index.php?rest_route=%2Fwp%2Fv2%2Ftags&post=3731"}],"curies":[{"name":"wp","href":"https:\/\/api.w.org\/{rel}","templated":true}]}}