{"id":3685,"date":"2011-05-27T21:03:53","date_gmt":"2011-05-27T19:03:53","guid":{"rendered":"http:\/\/www.iespedromunozseca.es\/?p=3685"},"modified":"2011-05-27T21:03:53","modified_gmt":"2011-05-27T19:03:53","slug":"acto-de-despedida-de-alumnosas-de-bachillerato-y-fp","status":"publish","type":"post","link":"https:\/\/www.iespedromunozseca.es\/?p=3685","title":{"rendered":"Acto de despedida de alumnos\/as de Bachillerato y F.P."},"content":{"rendered":"<p style=\"text-align: center;\"><a href=\"http:\/\/www.iespedromunozseca.es\/wp-content\/uploads\/2011\/05\/graduacion.jpg\"><img decoding=\"async\" loading=\"lazy\" class=\"aligncenter size-full wp-image-3686\" title=\"graduacion\" src=\"http:\/\/www.iespedromunozseca.es\/wp-content\/uploads\/2011\/05\/graduacion.jpg\" alt=\"graduacion\" width=\"228\" height=\"200\" srcset=\"https:\/\/www.iespedromunozseca.es\/wp-content\/uploads\/2011\/05\/graduacion.jpg 350w, https:\/\/www.iespedromunozseca.es\/wp-content\/uploads\/2011\/05\/graduacion-300x264.jpg 300w\" sizes=\"(max-width: 228px) 100vw, 228px\" \/><\/a><\/p>\n<p style=\"text-align: center;\">El martes 31 de mayo a las 19.30 horas  tendr\u00e1 lugar en el sal\u00f3n de actos de nuestro centro, el IES Pedro Mu\u00f1oz  Seca, un acto de despedida para los alumnos\/as de los cursos :<\/p>\n<p style=\"text-align: center;\"><strong>&#8211; 2\u00ba del Ciclo Formativo de Gesti\u00f3n de Alojamientos Tur\u00edsticos<br \/>\n<\/strong><\/p>\n<p style=\"text-align: center;\"><strong>&#8211; 2\u00ba de Bachillerato A y B<br \/>\n<\/strong><\/p>\n<p style=\"text-align: center;\"><strong><br \/>\n<\/strong><\/p>\n<p style=\"text-align: center;\">\n","protected":false},"excerpt":{"rendered":"<p>El martes 31 de mayo a las 19.30 horas tendr\u00e1 lugar en el sal\u00f3n de actos de nuestro centro, el IES Pedro Mu\u00f1oz Seca, un acto de despedida para los alumnos\/as de los cursos : &#8211; 2\u00ba del Ciclo Formativo de Gesti\u00f3n de Alojamientos Tur\u00edsticos &#8211; 2\u00ba de Bachillerato A y B<\/p>\n","protected":false},"author":1,"featured_media":0,"comment_status":"closed","ping_status":"open","sticky":false,"template":"","format":"standard","meta":[],"categories":[42,41],"tags":[11,12],"_links":{"self":[{"href":"https:\/\/www.iespedromunozseca.es\/index.php?rest_route=\/wp\/v2\/posts\/3685"}],"collection":[{"href":"https:\/\/www.iespedromunozseca.es\/index.php?rest_route=\/wp\/v2\/posts"}],"about":[{"href":"https:\/\/www.iespedromunozseca.es\/index.php?rest_route=\/wp\/v2\/types\/post"}],"author":[{"embeddable":true,"href":"https:\/\/www.iespedromunozseca.es\/index.php?rest_route=\/wp\/v2\/users\/1"}],"replies":[{"embeddable":true,"href":"https:\/\/www.iespedromunozseca.es\/index.php?rest_route=%2Fwp%2Fv2%2Fcomments&post=3685"}],"version-history":[{"count":1,"href":"https:\/\/www.iespedromunozseca.es\/index.php?rest_route=\/wp\/v2\/posts\/3685\/revisions"}],"predecessor-version":[{"id":3687,"href":"https:\/\/www.iespedromunozseca.es\/index.php?rest_route=\/wp\/v2\/posts\/3685\/revisions\/3687"}],"wp:attachment":[{"href":"https:\/\/www.iespedromunozseca.es\/index.php?rest_route=%2Fwp%2Fv2%2Fmedia&parent=3685"}],"wp:term":[{"taxonomy":"category","embeddable":true,"href":"https:\/\/www.iespedromunozseca.es\/index.php?rest_route=%2Fwp%2Fv2%2Fcategories&post=3685"},{"taxonomy":"post_tag","embeddable":true,"href":"https:\/\/www.iespedromunozseca.es\/index.php?rest_route=%2Fwp%2Fv2%2Ftags&post=3685"}],"curies":[{"name":"wp","href":"https:\/\/api.w.org\/{rel}","templated":true}]}}