{"id":3069,"date":"2011-04-15T08:36:26","date_gmt":"2011-04-15T06:36:26","guid":{"rendered":"http:\/\/www.iespedromunozseca.es\/?p=3069"},"modified":"2011-04-15T08:36:26","modified_gmt":"2011-04-15T06:36:26","slug":"curso-de-soporte-vital-basico-y-accidentabilidad","status":"publish","type":"post","link":"https:\/\/www.iespedromunozseca.es\/?p=3069","title":{"rendered":"Curso de soporte vital b\u00e1sico y accidentabilidad"},"content":{"rendered":"<p style=\"text-align: center;\"><a href=\"http:\/\/www.iespedromunozseca.es\/wp-content\/uploads\/2011\/04\/soporte-vital.jpg\"><img decoding=\"async\" loading=\"lazy\" class=\"aligncenter size-full wp-image-3070\" title=\"soporte-vital\" src=\"http:\/\/www.iespedromunozseca.es\/wp-content\/uploads\/2011\/04\/soporte-vital.jpg\" alt=\"soporte-vital\" width=\"161\" height=\"139\" \/><\/a><\/p>\n<p style=\"text-align: center;\">Alumnos del IES Pedro Mu\u00f1oz Seca de El Puerto de Santa Mar\u00eda en C\u00e1diz, se forman en soporte vital b\u00e1sico y accidentabilidad.<\/p>\n<p style=\"text-align: center;\"><strong>La actividad ha estado organizada por la Unidad de Gesti\u00f3n Cl\u00ednica del Dispositivo de Cuidados Cr\u00edticos y Urgencias Bah\u00eda de C\u00e1diz<\/strong><\/p>\n<p style=\"text-align: center;\"><strong><a href=\"http:\/\/www.sas.junta-andalucia.es\/principal\/noticia.asp?codcontenido=13756\" target=\"_blank\">Para leer la noticia completa pincha aqu\u00ed<\/a><br \/>\n<\/strong><\/p>\n","protected":false},"excerpt":{"rendered":"<p>Alumnos del IES Pedro Mu\u00f1oz Seca de El Puerto de Santa Mar\u00eda en C\u00e1diz, se forman en soporte vital b\u00e1sico y accidentabilidad. La actividad ha estado organizada por la Unidad de Gesti\u00f3n Cl\u00ednica del Dispositivo de Cuidados Cr\u00edticos y Urgencias Bah\u00eda de C\u00e1diz Para leer la noticia completa pincha aqu\u00ed<\/p>\n","protected":false},"author":1,"featured_media":0,"comment_status":"closed","ping_status":"open","sticky":false,"template":"","format":"standard","meta":[],"categories":[41],"tags":[12],"_links":{"self":[{"href":"https:\/\/www.iespedromunozseca.es\/index.php?rest_route=\/wp\/v2\/posts\/3069"}],"collection":[{"href":"https:\/\/www.iespedromunozseca.es\/index.php?rest_route=\/wp\/v2\/posts"}],"about":[{"href":"https:\/\/www.iespedromunozseca.es\/index.php?rest_route=\/wp\/v2\/types\/post"}],"author":[{"embeddable":true,"href":"https:\/\/www.iespedromunozseca.es\/index.php?rest_route=\/wp\/v2\/users\/1"}],"replies":[{"embeddable":true,"href":"https:\/\/www.iespedromunozseca.es\/index.php?rest_route=%2Fwp%2Fv2%2Fcomments&post=3069"}],"version-history":[{"count":2,"href":"https:\/\/www.iespedromunozseca.es\/index.php?rest_route=\/wp\/v2\/posts\/3069\/revisions"}],"predecessor-version":[{"id":3072,"href":"https:\/\/www.iespedromunozseca.es\/index.php?rest_route=\/wp\/v2\/posts\/3069\/revisions\/3072"}],"wp:attachment":[{"href":"https:\/\/www.iespedromunozseca.es\/index.php?rest_route=%2Fwp%2Fv2%2Fmedia&parent=3069"}],"wp:term":[{"taxonomy":"category","embeddable":true,"href":"https:\/\/www.iespedromunozseca.es\/index.php?rest_route=%2Fwp%2Fv2%2Fcategories&post=3069"},{"taxonomy":"post_tag","embeddable":true,"href":"https:\/\/www.iespedromunozseca.es\/index.php?rest_route=%2Fwp%2Fv2%2Ftags&post=3069"}],"curies":[{"name":"wp","href":"https:\/\/api.w.org\/{rel}","templated":true}]}}