{"id":3025,"date":"2011-03-31T11:32:41","date_gmt":"2011-03-31T09:32:41","guid":{"rendered":"http:\/\/www.iespedromunozseca.es\/?p=3025"},"modified":"2011-03-31T11:32:41","modified_gmt":"2011-03-31T09:32:41","slug":"visita-al-zoo-de-jerez","status":"publish","type":"post","link":"https:\/\/www.iespedromunozseca.es\/?p=3025","title":{"rendered":"Visita al Zoo de Jerez"},"content":{"rendered":"<p>Los\/as alumnos\/as de 1\u00ba de los Ciclos Formativos de Gesti\u00f3n de Alojamientos Tur\u00edsticos y Agencias de Viajes y Gesti\u00f3n de Eventos fueron de visita al zoo de Jerez el pasado d\u00eda 29 de marzo. El zoo es uno de los muchos recursos tur\u00edsticos de Jerez de la Frontera que atrae visitantes de todas las edades.<\/p>\n<div id='gallery-1' class='gallery galleryid-3025 gallery-columns-4 gallery-size-thumbnail'><figure class='gallery-item'>\n\t\t\t<div class='gallery-icon landscape'>\n\t\t\t\t<a href='https:\/\/www.iespedromunozseca.es\/wp-content\/uploads\/2011\/03\/dscn3810.jpg'><img width=\"150\" height=\"150\" src=\"https:\/\/www.iespedromunozseca.es\/wp-content\/uploads\/2011\/03\/dscn3810-150x150.jpg\" class=\"attachment-thumbnail size-thumbnail\" alt=\"\" decoding=\"async\" loading=\"lazy\" \/><\/a>\n\t\t\t<\/div><\/figure><figure class='gallery-item'>\n\t\t\t<div class='gallery-icon landscape'>\n\t\t\t\t<a href='https:\/\/www.iespedromunozseca.es\/wp-content\/uploads\/2011\/03\/dscn3812.jpg'><img width=\"150\" height=\"150\" src=\"https:\/\/www.iespedromunozseca.es\/wp-content\/uploads\/2011\/03\/dscn3812-150x150.jpg\" class=\"attachment-thumbnail size-thumbnail\" alt=\"\" decoding=\"async\" loading=\"lazy\" \/><\/a>\n\t\t\t<\/div><\/figure><figure class='gallery-item'>\n\t\t\t<div class='gallery-icon landscape'>\n\t\t\t\t<a href='https:\/\/www.iespedromunozseca.es\/wp-content\/uploads\/2011\/03\/dscn3814.jpg'><img width=\"150\" height=\"150\" src=\"https:\/\/www.iespedromunozseca.es\/wp-content\/uploads\/2011\/03\/dscn3814-150x150.jpg\" class=\"attachment-thumbnail size-thumbnail\" alt=\"\" decoding=\"async\" loading=\"lazy\" \/><\/a>\n\t\t\t<\/div><\/figure><figure class='gallery-item'>\n\t\t\t<div class='gallery-icon landscape'>\n\t\t\t\t<a href='https:\/\/www.iespedromunozseca.es\/wp-content\/uploads\/2011\/03\/dscn3822.jpg'><img width=\"150\" height=\"150\" src=\"https:\/\/www.iespedromunozseca.es\/wp-content\/uploads\/2011\/03\/dscn3822-150x150.jpg\" class=\"attachment-thumbnail size-thumbnail\" alt=\"\" decoding=\"async\" loading=\"lazy\" \/><\/a>\n\t\t\t<\/div><\/figure>\n\t\t<\/div>\n\n","protected":false},"excerpt":{"rendered":"<p>Los\/as alumnos\/as de 1\u00ba de los Ciclos Formativos de Gesti\u00f3n de Alojamientos Tur\u00edsticos y Agencias de Viajes y Gesti\u00f3n de Eventos fueron de visita al zoo de Jerez el pasado d\u00eda 29 de marzo. El zoo es uno de los muchos recursos tur\u00edsticos de Jerez de la Frontera que atrae visitantes de todas las edades.<\/p>\n","protected":false},"author":1,"featured_media":0,"comment_status":"closed","ping_status":"open","sticky":false,"template":"","format":"standard","meta":[],"categories":[41],"tags":[12],"_links":{"self":[{"href":"https:\/\/www.iespedromunozseca.es\/index.php?rest_route=\/wp\/v2\/posts\/3025"}],"collection":[{"href":"https:\/\/www.iespedromunozseca.es\/index.php?rest_route=\/wp\/v2\/posts"}],"about":[{"href":"https:\/\/www.iespedromunozseca.es\/index.php?rest_route=\/wp\/v2\/types\/post"}],"author":[{"embeddable":true,"href":"https:\/\/www.iespedromunozseca.es\/index.php?rest_route=\/wp\/v2\/users\/1"}],"replies":[{"embeddable":true,"href":"https:\/\/www.iespedromunozseca.es\/index.php?rest_route=%2Fwp%2Fv2%2Fcomments&post=3025"}],"version-history":[{"count":1,"href":"https:\/\/www.iespedromunozseca.es\/index.php?rest_route=\/wp\/v2\/posts\/3025\/revisions"}],"predecessor-version":[{"id":3030,"href":"https:\/\/www.iespedromunozseca.es\/index.php?rest_route=\/wp\/v2\/posts\/3025\/revisions\/3030"}],"wp:attachment":[{"href":"https:\/\/www.iespedromunozseca.es\/index.php?rest_route=%2Fwp%2Fv2%2Fmedia&parent=3025"}],"wp:term":[{"taxonomy":"category","embeddable":true,"href":"https:\/\/www.iespedromunozseca.es\/index.php?rest_route=%2Fwp%2Fv2%2Fcategories&post=3025"},{"taxonomy":"post_tag","embeddable":true,"href":"https:\/\/www.iespedromunozseca.es\/index.php?rest_route=%2Fwp%2Fv2%2Ftags&post=3025"}],"curies":[{"name":"wp","href":"https:\/\/api.w.org\/{rel}","templated":true}]}}