{"id":2985,"date":"2011-03-24T19:57:25","date_gmt":"2011-03-24T17:57:25","guid":{"rendered":"http:\/\/www.iespedromunozseca.es\/?p=2985"},"modified":"2011-03-24T20:23:46","modified_gmt":"2011-03-24T18:23:46","slug":"listados-de-seleccionados-para-el-programa-idiomas-y-juventud","status":"publish","type":"post","link":"https:\/\/www.iespedromunozseca.es\/?p=2985","title":{"rendered":"Listados de seleccionados para el Programa Idiomas y Juventud"},"content":{"rendered":"<p style=\"text-align: center;\">Han salido los listados provisionales de seleccionados\/as, en reserva y excluidos\/as para las estancias de inmersi\u00f3n ling\u00fc\u00edstica en el extranjero en la modalidad 1.b.  para el alumnado de centros docentes de la comunidad aut\u00f3noma de  Andaluc\u00eda, al amparo del PROGRAMA IDIOMAS Y JUVENTUD, para el a\u00f1o 2011.<\/p>\n<p style=\"text-align: center;\">Pincha aqu\u00ed para ver el enlace: <strong><a href=\"http:\/\/www.juntadeandalucia.es\/educacion\/nav\/contenido.jsp?pag=\/Contenidos\/OEE\/programasinternacionales\/estancias\/alumnado2011&amp;vismenu=0,0,1,1,1,1,0,0,0\" target=\"_blank\">Listados seleccionados<\/a><\/strong><\/p>\n<p style=\"text-align: center;\"><a href=\"http:\/\/www.juntadeandalucia.es\/educacion\/nav\/contenido.jsp?pag=\/Contenidos\/OEE\/programasinternacionales\/estancias\/alumnado2011&amp;vismenu=0,0,1,1,1,1,0,0,0\" target=\"_blank\"><img decoding=\"async\" loading=\"lazy\" class=\"aligncenter size-full wp-image-2986\" title=\"programa-idiomas-y-juventud\" src=\"http:\/\/www.iespedromunozseca.es\/wp-content\/uploads\/2011\/03\/programa-idiomas-y-juventud.jpg\" alt=\"programa-idiomas-y-juventud\" width=\"191\" height=\"243\" \/><\/a><\/p>\n","protected":false},"excerpt":{"rendered":"<p>Han salido los listados provisionales de seleccionados\/as, en reserva y excluidos\/as para las estancias de inmersi\u00f3n ling\u00fc\u00edstica en el extranjero en la modalidad 1.b. para el alumnado de centros docentes de la comunidad aut\u00f3noma de Andaluc\u00eda, al amparo del PROGRAMA IDIOMAS Y JUVENTUD, para el a\u00f1o 2011. Pincha aqu\u00ed para ver el enlace: Listados seleccionados<\/p>\n","protected":false},"author":1,"featured_media":0,"comment_status":"closed","ping_status":"open","sticky":false,"template":"","format":"standard","meta":[],"categories":[26],"tags":[48],"_links":{"self":[{"href":"https:\/\/www.iespedromunozseca.es\/index.php?rest_route=\/wp\/v2\/posts\/2985"}],"collection":[{"href":"https:\/\/www.iespedromunozseca.es\/index.php?rest_route=\/wp\/v2\/posts"}],"about":[{"href":"https:\/\/www.iespedromunozseca.es\/index.php?rest_route=\/wp\/v2\/types\/post"}],"author":[{"embeddable":true,"href":"https:\/\/www.iespedromunozseca.es\/index.php?rest_route=\/wp\/v2\/users\/1"}],"replies":[{"embeddable":true,"href":"https:\/\/www.iespedromunozseca.es\/index.php?rest_route=%2Fwp%2Fv2%2Fcomments&post=2985"}],"version-history":[{"count":3,"href":"https:\/\/www.iespedromunozseca.es\/index.php?rest_route=\/wp\/v2\/posts\/2985\/revisions"}],"predecessor-version":[{"id":2997,"href":"https:\/\/www.iespedromunozseca.es\/index.php?rest_route=\/wp\/v2\/posts\/2985\/revisions\/2997"}],"wp:attachment":[{"href":"https:\/\/www.iespedromunozseca.es\/index.php?rest_route=%2Fwp%2Fv2%2Fmedia&parent=2985"}],"wp:term":[{"taxonomy":"category","embeddable":true,"href":"https:\/\/www.iespedromunozseca.es\/index.php?rest_route=%2Fwp%2Fv2%2Fcategories&post=2985"},{"taxonomy":"post_tag","embeddable":true,"href":"https:\/\/www.iespedromunozseca.es\/index.php?rest_route=%2Fwp%2Fv2%2Ftags&post=2985"}],"curies":[{"name":"wp","href":"https:\/\/api.w.org\/{rel}","templated":true}]}}