{"id":2979,"date":"2011-03-22T21:44:45","date_gmt":"2011-03-22T19:44:45","guid":{"rendered":"http:\/\/www.iespedromunozseca.es\/?p=2979"},"modified":"2011-03-22T21:47:41","modified_gmt":"2011-03-22T19:47:41","slug":"el-ies-pedro-munoz-seca-en-el-club-de-las-ideas","status":"publish","type":"post","link":"https:\/\/www.iespedromunozseca.es\/?p=2979","title":{"rendered":"El IES Pedro Mu\u00f1oz Seca en El Club de las Ideas"},"content":{"rendered":"<p style=\"text-align: center;\">Nuestros\/as alumnos\/as\u00a0 han salido en el programa de Canal Sur 2 \u00abEl Club de las Ideas\u00bb para demostrar como se est\u00e1 llevando a cabo la campa\u00f1a de <strong>limpieza,reciclaje y concienciaci\u00f3n<\/strong> en nuestro centro.<\/p>\n<p style=\"text-align: center;\">Pincha aqu\u00ed para ver este programa: <strong><a href=\"http:\/\/www.radiotelevisionandalucia.es\/tvcarta\/impe\/web\/contenido?id=7013\" target=\"_blank\">El Club de las Ideas<\/a><\/strong><a href=\"http:\/\/www.radiotelevisionandalucia.es\/tvcarta\/impe\/web\/contenido?id=7013\" target=\"_blank\"><img decoding=\"async\" loading=\"lazy\" class=\"aligncenter size-full wp-image-2980\" title=\"top_clubideas\" src=\"http:\/\/www.iespedromunozseca.es\/wp-content\/uploads\/2011\/03\/top_clubideas.gif\" alt=\"top_clubideas\" width=\"996\" height=\"123\" srcset=\"https:\/\/www.iespedromunozseca.es\/wp-content\/uploads\/2011\/03\/top_clubideas.gif 996w, https:\/\/www.iespedromunozseca.es\/wp-content\/uploads\/2011\/03\/top_clubideas-300x37.gif 300w\" sizes=\"(max-width: 996px) 100vw, 996px\" \/><\/a><\/p>\n","protected":false},"excerpt":{"rendered":"<p>Nuestros\/as alumnos\/as\u00a0 han salido en el programa de Canal Sur 2 \u00abEl Club de las Ideas\u00bb para demostrar como se est\u00e1 llevando a cabo la campa\u00f1a de limpieza,reciclaje y concienciaci\u00f3n en nuestro centro. Pincha aqu\u00ed para ver este programa: El Club de las Ideas<\/p>\n","protected":false},"author":1,"featured_media":0,"comment_status":"closed","ping_status":"open","sticky":false,"template":"","format":"standard","meta":[],"categories":[26,20],"tags":[48,44],"_links":{"self":[{"href":"https:\/\/www.iespedromunozseca.es\/index.php?rest_route=\/wp\/v2\/posts\/2979"}],"collection":[{"href":"https:\/\/www.iespedromunozseca.es\/index.php?rest_route=\/wp\/v2\/posts"}],"about":[{"href":"https:\/\/www.iespedromunozseca.es\/index.php?rest_route=\/wp\/v2\/types\/post"}],"author":[{"embeddable":true,"href":"https:\/\/www.iespedromunozseca.es\/index.php?rest_route=\/wp\/v2\/users\/1"}],"replies":[{"embeddable":true,"href":"https:\/\/www.iespedromunozseca.es\/index.php?rest_route=%2Fwp%2Fv2%2Fcomments&post=2979"}],"version-history":[{"count":4,"href":"https:\/\/www.iespedromunozseca.es\/index.php?rest_route=\/wp\/v2\/posts\/2979\/revisions"}],"predecessor-version":[{"id":2984,"href":"https:\/\/www.iespedromunozseca.es\/index.php?rest_route=\/wp\/v2\/posts\/2979\/revisions\/2984"}],"wp:attachment":[{"href":"https:\/\/www.iespedromunozseca.es\/index.php?rest_route=%2Fwp%2Fv2%2Fmedia&parent=2979"}],"wp:term":[{"taxonomy":"category","embeddable":true,"href":"https:\/\/www.iespedromunozseca.es\/index.php?rest_route=%2Fwp%2Fv2%2Fcategories&post=2979"},{"taxonomy":"post_tag","embeddable":true,"href":"https:\/\/www.iespedromunozseca.es\/index.php?rest_route=%2Fwp%2Fv2%2Ftags&post=2979"}],"curies":[{"name":"wp","href":"https:\/\/api.w.org\/{rel}","templated":true}]}}