{"id":2949,"date":"2011-03-09T14:04:50","date_gmt":"2011-03-09T12:04:50","guid":{"rendered":"http:\/\/www.iespedromunozseca.es\/?p=2949"},"modified":"2011-03-09T14:05:56","modified_gmt":"2011-03-09T12:05:56","slug":"acto-de-despedida-de-alumnosas-de-fp","status":"publish","type":"post","link":"https:\/\/www.iespedromunozseca.es\/?p=2949","title":{"rendered":"Acto de despedida de alumnos\/as de F.P."},"content":{"rendered":"<p style=\"text-align: center;\"><a href=\"http:\/\/www.iespedromunozseca.es\/wp-content\/uploads\/2011\/03\/la-graduacion.jpg\"><img decoding=\"async\" loading=\"lazy\" class=\"aligncenter size-full wp-image-2951\" title=\"la-graduacion\" src=\"http:\/\/www.iespedromunozseca.es\/wp-content\/uploads\/2011\/03\/la-graduacion.jpg\" alt=\"la-graduacion\" width=\"157\" height=\"157\" srcset=\"https:\/\/www.iespedromunozseca.es\/wp-content\/uploads\/2011\/03\/la-graduacion.jpg 300w, https:\/\/www.iespedromunozseca.es\/wp-content\/uploads\/2011\/03\/la-graduacion-150x150.jpg 150w\" sizes=\"(max-width: 157px) 100vw, 157px\" \/><\/a><\/p>\n<p style=\"text-align: center;\">El jueves 17 de marzo a las 19.00 horas tendr\u00e1 lugar en el sal\u00f3n de actos de nuestro centro, el IES Pedro Mu\u00f1oz Seca, un acto de despedida para los alumnos\/as de los Ciclos Formativos de:<\/p>\n<p style=\"text-align: center;\"><strong>&#8211; Documentaci\u00f3n Sanitaria<\/strong><\/p>\n<p style=\"text-align: center;\"><strong>&#8211; Agencias de Viajes<\/strong><\/p>\n<p style=\"text-align: center;\"><strong>&#8211; Cuidados Auxiliares de Enfermer\u00eda<\/strong><\/p>\n<p style=\"text-align: center;\">Pod\u00e9is ver el programa del acto pinchando en este enlace:<\/p>\n<p style=\"text-align: center;\"><strong><a href=\"http:\/\/www.iespedromunozseca.es\/wp-content\/uploads\/2011\/03\/programa-acto.pdf\">programa-acto<\/a><\/strong><\/p>\n<p style=\"text-align: center;\">\n","protected":false},"excerpt":{"rendered":"<p>El jueves 17 de marzo a las 19.00 horas tendr\u00e1 lugar en el sal\u00f3n de actos de nuestro centro, el IES Pedro Mu\u00f1oz Seca, un acto de despedida para los alumnos\/as de los Ciclos Formativos de: &#8211; Documentaci\u00f3n Sanitaria &#8211; Agencias de Viajes &#8211; Cuidados Auxiliares de Enfermer\u00eda Pod\u00e9is ver el programa del acto pinchando en este enlace: programa-acto<\/p>\n","protected":false},"author":1,"featured_media":0,"comment_status":"closed","ping_status":"open","sticky":false,"template":"","format":"standard","meta":[],"categories":[41],"tags":[12],"_links":{"self":[{"href":"https:\/\/www.iespedromunozseca.es\/index.php?rest_route=\/wp\/v2\/posts\/2949"}],"collection":[{"href":"https:\/\/www.iespedromunozseca.es\/index.php?rest_route=\/wp\/v2\/posts"}],"about":[{"href":"https:\/\/www.iespedromunozseca.es\/index.php?rest_route=\/wp\/v2\/types\/post"}],"author":[{"embeddable":true,"href":"https:\/\/www.iespedromunozseca.es\/index.php?rest_route=\/wp\/v2\/users\/1"}],"replies":[{"embeddable":true,"href":"https:\/\/www.iespedromunozseca.es\/index.php?rest_route=%2Fwp%2Fv2%2Fcomments&post=2949"}],"version-history":[{"count":2,"href":"https:\/\/www.iespedromunozseca.es\/index.php?rest_route=\/wp\/v2\/posts\/2949\/revisions"}],"predecessor-version":[{"id":2953,"href":"https:\/\/www.iespedromunozseca.es\/index.php?rest_route=\/wp\/v2\/posts\/2949\/revisions\/2953"}],"wp:attachment":[{"href":"https:\/\/www.iespedromunozseca.es\/index.php?rest_route=%2Fwp%2Fv2%2Fmedia&parent=2949"}],"wp:term":[{"taxonomy":"category","embeddable":true,"href":"https:\/\/www.iespedromunozseca.es\/index.php?rest_route=%2Fwp%2Fv2%2Fcategories&post=2949"},{"taxonomy":"post_tag","embeddable":true,"href":"https:\/\/www.iespedromunozseca.es\/index.php?rest_route=%2Fwp%2Fv2%2Ftags&post=2949"}],"curies":[{"name":"wp","href":"https:\/\/api.w.org\/{rel}","templated":true}]}}