{"id":2932,"date":"2011-03-03T13:39:31","date_gmt":"2011-03-03T11:39:31","guid":{"rendered":"http:\/\/www.iespedromunozseca.es\/?p=2932"},"modified":"2011-03-03T13:39:31","modified_gmt":"2011-03-03T11:39:31","slug":"abierto-el-plazo-de-escolarizacion","status":"publish","type":"post","link":"https:\/\/www.iespedromunozseca.es\/?p=2932","title":{"rendered":"Abierto el plazo de escolarizaci\u00f3n"},"content":{"rendered":"<p style=\"text-align: center;\"><strong>Curso escolar 2011 &#8211; 2012<\/strong><\/p>\n<p style=\"text-align: center;\"><strong>Plazo de solicitud:<\/strong> del 1 al 31 de marzo <span style=\"color: #333333;\">(para 2\u00ba ciclo de Infantil, Primaria, Educaci\u00f3n Especial, ESO y Bachillerato)<\/span><\/p>\n<p style=\"text-align: center;\"><span style=\"color: #333333;\">Pincha aqu\u00ed para abrir <strong><a href=\"http:\/\/www.juntadeandalucia.es\/educacion\/webportal\/web\/portal-escolarizacion\/\" target=\"_blank\">la p\u00e1gina de la Consejer\u00eda de Educaci\u00f3n<\/a><\/strong><\/span><\/p>\n<p style=\"text-align: center;\"><span style=\"color: #333333;\"><strong><a href=\"http:\/\/www.iespedromunozseca.es\/wp-content\/uploads\/2011\/03\/image_gallery.jpg\"><img decoding=\"async\" loading=\"lazy\" class=\"aligncenter size-medium wp-image-2933\" title=\"image_gallery\" src=\"http:\/\/www.iespedromunozseca.es\/wp-content\/uploads\/2011\/03\/image_gallery-300x155.jpg\" alt=\"image_gallery\" width=\"300\" height=\"155\" srcset=\"https:\/\/www.iespedromunozseca.es\/wp-content\/uploads\/2011\/03\/image_gallery-300x155.jpg 300w, https:\/\/www.iespedromunozseca.es\/wp-content\/uploads\/2011\/03\/image_gallery.jpg 580w\" sizes=\"(max-width: 300px) 100vw, 300px\" \/><\/a><br \/>\n<\/strong><\/span><\/p>\n","protected":false},"excerpt":{"rendered":"<p>Curso escolar 2011 &#8211; 2012 Plazo de solicitud: del 1 al 31 de marzo (para 2\u00ba ciclo de Infantil, Primaria, Educaci\u00f3n Especial, ESO y Bachillerato) Pincha aqu\u00ed para abrir la p\u00e1gina de la Consejer\u00eda de Educaci\u00f3n<\/p>\n","protected":false},"author":1,"featured_media":0,"comment_status":"closed","ping_status":"open","sticky":false,"template":"","format":"standard","meta":[],"categories":[42,26,6,20],"tags":[11,48,44],"_links":{"self":[{"href":"https:\/\/www.iespedromunozseca.es\/index.php?rest_route=\/wp\/v2\/posts\/2932"}],"collection":[{"href":"https:\/\/www.iespedromunozseca.es\/index.php?rest_route=\/wp\/v2\/posts"}],"about":[{"href":"https:\/\/www.iespedromunozseca.es\/index.php?rest_route=\/wp\/v2\/types\/post"}],"author":[{"embeddable":true,"href":"https:\/\/www.iespedromunozseca.es\/index.php?rest_route=\/wp\/v2\/users\/1"}],"replies":[{"embeddable":true,"href":"https:\/\/www.iespedromunozseca.es\/index.php?rest_route=%2Fwp%2Fv2%2Fcomments&post=2932"}],"version-history":[{"count":1,"href":"https:\/\/www.iespedromunozseca.es\/index.php?rest_route=\/wp\/v2\/posts\/2932\/revisions"}],"predecessor-version":[{"id":2934,"href":"https:\/\/www.iespedromunozseca.es\/index.php?rest_route=\/wp\/v2\/posts\/2932\/revisions\/2934"}],"wp:attachment":[{"href":"https:\/\/www.iespedromunozseca.es\/index.php?rest_route=%2Fwp%2Fv2%2Fmedia&parent=2932"}],"wp:term":[{"taxonomy":"category","embeddable":true,"href":"https:\/\/www.iespedromunozseca.es\/index.php?rest_route=%2Fwp%2Fv2%2Fcategories&post=2932"},{"taxonomy":"post_tag","embeddable":true,"href":"https:\/\/www.iespedromunozseca.es\/index.php?rest_route=%2Fwp%2Fv2%2Ftags&post=2932"}],"curies":[{"name":"wp","href":"https:\/\/api.w.org\/{rel}","templated":true}]}}