{"id":2924,"date":"2011-03-02T09:34:58","date_gmt":"2011-03-02T07:34:58","guid":{"rendered":"http:\/\/www.iespedromunozseca.es\/?p=2924"},"modified":"2011-03-02T09:37:40","modified_gmt":"2011-03-02T07:37:40","slug":"2011-ano-internacional-de-la-quimica","status":"publish","type":"post","link":"https:\/\/www.iespedromunozseca.es\/?p=2924","title":{"rendered":"2011: A\u00f1o Internacional de la Qu\u00edmica"},"content":{"rendered":"<p style=\"text-align: left;\">La ONU ha declarado 2011 como <strong>A\u00f1o Internacional de la Qu\u00edmica<\/strong>, con el  objetivo<br \/>\nde celebrar los logros de la Qu\u00edmica y su contribuci\u00f3n a la  humanidad. El a\u00f1o<a href=\"http:\/\/www.iespedromunozseca.es\/wp-content\/uploads\/2011\/03\/logo_anio_quimica.jpg\"><img decoding=\"async\" loading=\"lazy\" class=\"alignright size-medium wp-image-2925\" title=\"logo_anio_quimica\" src=\"http:\/\/www.iespedromunozseca.es\/wp-content\/uploads\/2011\/03\/logo_anio_quimica-282x300.jpg\" alt=\"logo_anio_quimica\" width=\"185\" height=\"194\" \/><\/a><br \/>\n2011 coincide con la conmemoraci\u00f3n de varios hitos  destacados en el desarrollo<br \/>\nde la Qu\u00edmica.<\/p>\n<p style=\"text-align: left;\">En concreto, se cumple el  centenario de la concesi\u00f3n del Premio<br \/>\nNobel de Qu\u00edmica a MarieCurie, y  constituye, de este modo, una oportunidad para reconocer la contribuci\u00f3n  de las mujeres a la ciencia.<\/p>\n<p style=\"text-align: left;\">Para celebrar el evento, el <strong>departamento de F\u00edsica y Qu\u00edmica del IES Pedro Mu\u00f1oz Seca<\/strong>, organizar\u00e1 una serie de actividades en la que los alumnos ser\u00e1n los protagonistas:<br \/>\nexperiencias, exposiciones, desarrollos de trabajos, etc.<\/p>\n","protected":false},"excerpt":{"rendered":"<p>La ONU ha declarado 2011 como A\u00f1o Internacional de la Qu\u00edmica, con el objetivo de celebrar los logros de la Qu\u00edmica y su contribuci\u00f3n a la humanidad. El a\u00f1o 2011 coincide con la conmemoraci\u00f3n de varios hitos destacados en el desarrollo de la Qu\u00edmica. En concreto, se cumple el centenario de la concesi\u00f3n del Premio Nobel de Qu\u00edmica a MarieCurie, y constituye, de este modo, una oportunidad para reconocer la contribuci\u00f3n de las mujeres a la ciencia. Para celebrar el&#8230;<\/p>\n<p class=\"read-more\"><a class=\"btn btn-default\" href=\"https:\/\/www.iespedromunozseca.es\/?p=2924\"> Leer m\u00e1s<span class=\"screen-reader-text\">  Leer m\u00e1s<\/span><\/a><\/p>\n","protected":false},"author":1,"featured_media":0,"comment_status":"closed","ping_status":"open","sticky":false,"template":"","format":"standard","meta":[],"categories":[1],"tags":[],"_links":{"self":[{"href":"https:\/\/www.iespedromunozseca.es\/index.php?rest_route=\/wp\/v2\/posts\/2924"}],"collection":[{"href":"https:\/\/www.iespedromunozseca.es\/index.php?rest_route=\/wp\/v2\/posts"}],"about":[{"href":"https:\/\/www.iespedromunozseca.es\/index.php?rest_route=\/wp\/v2\/types\/post"}],"author":[{"embeddable":true,"href":"https:\/\/www.iespedromunozseca.es\/index.php?rest_route=\/wp\/v2\/users\/1"}],"replies":[{"embeddable":true,"href":"https:\/\/www.iespedromunozseca.es\/index.php?rest_route=%2Fwp%2Fv2%2Fcomments&post=2924"}],"version-history":[{"count":6,"href":"https:\/\/www.iespedromunozseca.es\/index.php?rest_route=\/wp\/v2\/posts\/2924\/revisions"}],"predecessor-version":[{"id":2931,"href":"https:\/\/www.iespedromunozseca.es\/index.php?rest_route=\/wp\/v2\/posts\/2924\/revisions\/2931"}],"wp:attachment":[{"href":"https:\/\/www.iespedromunozseca.es\/index.php?rest_route=%2Fwp%2Fv2%2Fmedia&parent=2924"}],"wp:term":[{"taxonomy":"category","embeddable":true,"href":"https:\/\/www.iespedromunozseca.es\/index.php?rest_route=%2Fwp%2Fv2%2Fcategories&post=2924"},{"taxonomy":"post_tag","embeddable":true,"href":"https:\/\/www.iespedromunozseca.es\/index.php?rest_route=%2Fwp%2Fv2%2Ftags&post=2924"}],"curies":[{"name":"wp","href":"https:\/\/api.w.org\/{rel}","templated":true}]}}