{"id":2815,"date":"2011-02-21T23:09:18","date_gmt":"2011-02-21T21:09:18","guid":{"rendered":"http:\/\/www.iespedromunozseca.es\/?p=2815"},"modified":"2011-02-21T23:09:18","modified_gmt":"2011-02-21T21:09:18","slug":"fotos-de-la-comida-homenaje-a-vicente-sucino","status":"publish","type":"post","link":"https:\/\/www.iespedromunozseca.es\/?p=2815","title":{"rendered":"Fotos de la comida homenaje a Vicente Sucino"},"content":{"rendered":"<p><a href=\"http:\/\/www.iespedromunozseca.es\/wp-content\/uploads\/2011\/02\/jubilacion-vicente-023.jpg\"><img decoding=\"async\" loading=\"lazy\" class=\"aligncenter size-thumbnail wp-image-2816\" title=\"jubilacion-vicente-023\" src=\"http:\/\/www.iespedromunozseca.es\/wp-content\/uploads\/2011\/02\/jubilacion-vicente-023-150x150.jpg\" alt=\"jubilacion-vicente-023\" width=\"150\" height=\"150\" \/><\/a><\/p>\n<p style=\"text-align: center;\">El d\u00eda 18 de febrero se celebr\u00f3 en el Hotel  Monasterio de El Puerto de Santa Mar\u00eda, una comida con motivo de la  jubilacion de Vicente Sucino, ordenanza del centro, aqu\u00ed os dejamos algunas fotos de la misma, no teneis m\u00e1s que pinchar en el siguiente enlace:<\/p>\n<p style=\"text-align: center;\"><strong><a href=\"http:\/\/www.iespedromunozseca.es\/?page_id=2818\" target=\"_blank\">fotos jubilaci\u00f3n Vicente<\/a><\/strong><\/p>\n<p style=\"text-align: center;\">\n","protected":false},"excerpt":{"rendered":"<p>El d\u00eda 18 de febrero se celebr\u00f3 en el Hotel Monasterio de El Puerto de Santa Mar\u00eda, una comida con motivo de la jubilacion de Vicente Sucino, ordenanza del centro, aqu\u00ed os dejamos algunas fotos de la misma, no teneis m\u00e1s que pinchar en el siguiente enlace: fotos jubilaci\u00f3n Vicente<\/p>\n","protected":false},"author":1,"featured_media":0,"comment_status":"closed","ping_status":"open","sticky":false,"template":"","format":"standard","meta":[],"categories":[26],"tags":[48],"_links":{"self":[{"href":"https:\/\/www.iespedromunozseca.es\/index.php?rest_route=\/wp\/v2\/posts\/2815"}],"collection":[{"href":"https:\/\/www.iespedromunozseca.es\/index.php?rest_route=\/wp\/v2\/posts"}],"about":[{"href":"https:\/\/www.iespedromunozseca.es\/index.php?rest_route=\/wp\/v2\/types\/post"}],"author":[{"embeddable":true,"href":"https:\/\/www.iespedromunozseca.es\/index.php?rest_route=\/wp\/v2\/users\/1"}],"replies":[{"embeddable":true,"href":"https:\/\/www.iespedromunozseca.es\/index.php?rest_route=%2Fwp%2Fv2%2Fcomments&post=2815"}],"version-history":[{"count":2,"href":"https:\/\/www.iespedromunozseca.es\/index.php?rest_route=\/wp\/v2\/posts\/2815\/revisions"}],"predecessor-version":[{"id":2903,"href":"https:\/\/www.iespedromunozseca.es\/index.php?rest_route=\/wp\/v2\/posts\/2815\/revisions\/2903"}],"wp:attachment":[{"href":"https:\/\/www.iespedromunozseca.es\/index.php?rest_route=%2Fwp%2Fv2%2Fmedia&parent=2815"}],"wp:term":[{"taxonomy":"category","embeddable":true,"href":"https:\/\/www.iespedromunozseca.es\/index.php?rest_route=%2Fwp%2Fv2%2Fcategories&post=2815"},{"taxonomy":"post_tag","embeddable":true,"href":"https:\/\/www.iespedromunozseca.es\/index.php?rest_route=%2Fwp%2Fv2%2Ftags&post=2815"}],"curies":[{"name":"wp","href":"https:\/\/api.w.org\/{rel}","templated":true}]}}