{"id":2801,"date":"2011-02-19T13:34:16","date_gmt":"2011-02-19T11:34:16","guid":{"rendered":"http:\/\/www.iespedromunozseca.es\/?p=2801"},"modified":"2011-02-19T13:37:17","modified_gmt":"2011-02-19T11:37:17","slug":"programa-cuidemos-la-costa","status":"publish","type":"post","link":"https:\/\/www.iespedromunozseca.es\/?p=2801","title":{"rendered":"Programa \u00abCuidemos la costa\u00bb"},"content":{"rendered":"<p><a href=\"http:\/\/www.iespedromunozseca.es\/wp-content\/uploads\/2011\/02\/2_4_cuidemoslcosta.jpg\"><img decoding=\"async\" loading=\"lazy\" class=\"aligncenter size-full wp-image-2802\" title=\"2_4_cuidemoslcosta\" src=\"http:\/\/www.iespedromunozseca.es\/wp-content\/uploads\/2011\/02\/2_4_cuidemoslcosta.jpg\" alt=\"2_4_cuidemoslcosta\" width=\"600\" height=\"173\" srcset=\"https:\/\/www.iespedromunozseca.es\/wp-content\/uploads\/2011\/02\/2_4_cuidemoslcosta.jpg 600w, https:\/\/www.iespedromunozseca.es\/wp-content\/uploads\/2011\/02\/2_4_cuidemoslcosta-300x86.jpg 300w\" sizes=\"(max-width: 600px) 100vw, 600px\" \/><\/a><\/p>\n<p>El IES Pedro Mu\u00f1oz Seca participa en el programa educativo <strong>\u00abCuidemos la costa\u00bb <\/strong>. Este programa tiene como objetivo estudiar la costa, valorar su riqueza faun\u00edstica y cuidar y prevenir la costa de los da\u00f1os que causa la mano del hombre: construcciones, sobreexplotaci\u00f3n y contaminaci\u00f3n.<\/p>\n<p>Participaci\u00f3n en el programa:<\/p>\n<p><strong>D\u00eda 23 de marzo: PROYECTO CORRELIMOS<\/strong><\/p>\n<p>Inspecci\u00f3n de 5 km de una costa cercana con participaci\u00f3n de 50 alumnos\/as. Se tomar\u00e1n muestras y se rellenar\u00e1n cuestionarios. Esta actividad se realizar\u00e1 a lo largo de toda la costa andaluza el mismo d\u00eda y la informaci\u00f3n ser\u00e1 recogida en una base de datos.<\/p>\n<p><a href=\"http:\/\/www.iespedromunozseca.es\/wp-content\/uploads\/2011\/02\/2_4_logo_correlimos.jpg\"><img decoding=\"async\" loading=\"lazy\" class=\"aligncenter size-full wp-image-2804\" title=\"2_4_logo_correlimos\" src=\"http:\/\/www.iespedromunozseca.es\/wp-content\/uploads\/2011\/02\/2_4_logo_correlimos.jpg\" alt=\"2_4_logo_correlimos\" width=\"200\" height=\"70\" \/><\/a><\/p>\n<p><strong>D\u00eda 25 de marzo: D\u00cdA DEL LITORAL EN EL CENTRO <\/strong>(participar\u00e1 todo el alumnado de ESO)<\/p>\n<p>10.15 Recepci\u00f3n y pel\u00edcula<\/p>\n<p>11.45 Talleres de: tortugas marinas, reciclaje e inmaduros<\/p>\n<p>12.45 Teatro<\/p>\n","protected":false},"excerpt":{"rendered":"<p>El IES Pedro Mu\u00f1oz Seca participa en el programa educativo \u00abCuidemos la costa\u00bb . Este programa tiene como objetivo estudiar la costa, valorar su riqueza faun\u00edstica y cuidar y prevenir la costa de los da\u00f1os que causa la mano del hombre: construcciones, sobreexplotaci\u00f3n y contaminaci\u00f3n. Participaci\u00f3n en el programa: D\u00eda 23 de marzo: PROYECTO CORRELIMOS Inspecci\u00f3n de 5 km de una costa cercana con participaci\u00f3n de 50 alumnos\/as. Se tomar\u00e1n muestras y se rellenar\u00e1n cuestionarios. Esta actividad se realizar\u00e1 a&#8230;<\/p>\n<p class=\"read-more\"><a class=\"btn btn-default\" href=\"https:\/\/www.iespedromunozseca.es\/?p=2801\"> Leer m\u00e1s<span class=\"screen-reader-text\">  Leer m\u00e1s<\/span><\/a><\/p>\n","protected":false},"author":1,"featured_media":0,"comment_status":"closed","ping_status":"open","sticky":false,"template":"","format":"standard","meta":[],"categories":[26,20],"tags":[48,44],"_links":{"self":[{"href":"https:\/\/www.iespedromunozseca.es\/index.php?rest_route=\/wp\/v2\/posts\/2801"}],"collection":[{"href":"https:\/\/www.iespedromunozseca.es\/index.php?rest_route=\/wp\/v2\/posts"}],"about":[{"href":"https:\/\/www.iespedromunozseca.es\/index.php?rest_route=\/wp\/v2\/types\/post"}],"author":[{"embeddable":true,"href":"https:\/\/www.iespedromunozseca.es\/index.php?rest_route=\/wp\/v2\/users\/1"}],"replies":[{"embeddable":true,"href":"https:\/\/www.iespedromunozseca.es\/index.php?rest_route=%2Fwp%2Fv2%2Fcomments&post=2801"}],"version-history":[{"count":5,"href":"https:\/\/www.iespedromunozseca.es\/index.php?rest_route=\/wp\/v2\/posts\/2801\/revisions"}],"predecessor-version":[{"id":2809,"href":"https:\/\/www.iespedromunozseca.es\/index.php?rest_route=\/wp\/v2\/posts\/2801\/revisions\/2809"}],"wp:attachment":[{"href":"https:\/\/www.iespedromunozseca.es\/index.php?rest_route=%2Fwp%2Fv2%2Fmedia&parent=2801"}],"wp:term":[{"taxonomy":"category","embeddable":true,"href":"https:\/\/www.iespedromunozseca.es\/index.php?rest_route=%2Fwp%2Fv2%2Fcategories&post=2801"},{"taxonomy":"post_tag","embeddable":true,"href":"https:\/\/www.iespedromunozseca.es\/index.php?rest_route=%2Fwp%2Fv2%2Ftags&post=2801"}],"curies":[{"name":"wp","href":"https:\/\/api.w.org\/{rel}","templated":true}]}}