{"id":2795,"date":"2011-02-18T15:01:34","date_gmt":"2011-02-18T13:01:34","guid":{"rendered":"http:\/\/www.iespedromunozseca.es\/?p=2795"},"modified":"2011-02-19T19:37:10","modified_gmt":"2011-02-19T17:37:10","slug":"celebracion-del-dia-de-andalucia","status":"publish","type":"post","link":"https:\/\/www.iespedromunozseca.es\/?p=2795","title":{"rendered":"Celebraci\u00f3n del d\u00eda de Andaluc\u00eda"},"content":{"rendered":"<p>Con motivo del d\u00eda de Andaluc\u00eda, el jueves 24 de febrero se van a llevar a cabo una serie de actividades en el centro en las que participar\u00e1 todo el alumnado.<\/p>\n<p><strong>10.15<\/strong> <strong>Desayuno andaluz<\/strong> para todos los alumnos\/as y profesores\/as<\/p>\n<p>11.15 Recreo<\/p>\n<p><strong>11.45 Gymkana <\/strong>(para alumnos\/as de ESO)<\/p>\n<p><strong>13.45 Interpretaci\u00f3n del himno de Andaluc\u00eda <\/strong>en el sal\u00f3n de actos para todo el alumnado del centro.<\/p>\n<p><strong>Teatro en ingl\u00e9s<\/strong> realizado por alumnos\/as de 2\u00ba de Bachillerato para todo el alumnado.<\/p>\n<p><strong>Actuaci\u00f3n de una comparsa.<\/strong><\/p>\n<p><strong>Entrega de premios<\/strong> de la gymkana.<\/p>\n<p style=\"text-align: center;\"><a href=\"http:\/\/www.iespedromunozseca.es\/wp-content\/uploads\/2011\/02\/andalucia-bandera.jpg\"><img decoding=\"async\" loading=\"lazy\" class=\"size-thumbnail wp-image-2796 aligncenter\" title=\"andalucia-bandera\" src=\"http:\/\/www.iespedromunozseca.es\/wp-content\/uploads\/2011\/02\/andalucia-bandera-150x150.jpg\" alt=\"andalucia-bandera\" width=\"150\" height=\"150\" \/><\/a><\/p>\n","protected":false},"excerpt":{"rendered":"<p>Con motivo del d\u00eda de Andaluc\u00eda, el jueves 24 de febrero se van a llevar a cabo una serie de actividades en el centro en las que participar\u00e1 todo el alumnado. 10.15 Desayuno andaluz para todos los alumnos\/as y profesores\/as 11.15 Recreo 11.45 Gymkana (para alumnos\/as de ESO) 13.45 Interpretaci\u00f3n del himno de Andaluc\u00eda en el sal\u00f3n de actos para todo el alumnado del centro. Teatro en ingl\u00e9s realizado por alumnos\/as de 2\u00ba de Bachillerato para todo el alumnado. Actuaci\u00f3n&#8230;<\/p>\n<p class=\"read-more\"><a class=\"btn btn-default\" href=\"https:\/\/www.iespedromunozseca.es\/?p=2795\"> Leer m\u00e1s<span class=\"screen-reader-text\">  Leer m\u00e1s<\/span><\/a><\/p>\n","protected":false},"author":1,"featured_media":0,"comment_status":"closed","ping_status":"open","sticky":false,"template":"","format":"standard","meta":[],"categories":[42,26,41,20],"tags":[11,48,12,44],"_links":{"self":[{"href":"https:\/\/www.iespedromunozseca.es\/index.php?rest_route=\/wp\/v2\/posts\/2795"}],"collection":[{"href":"https:\/\/www.iespedromunozseca.es\/index.php?rest_route=\/wp\/v2\/posts"}],"about":[{"href":"https:\/\/www.iespedromunozseca.es\/index.php?rest_route=\/wp\/v2\/types\/post"}],"author":[{"embeddable":true,"href":"https:\/\/www.iespedromunozseca.es\/index.php?rest_route=\/wp\/v2\/users\/1"}],"replies":[{"embeddable":true,"href":"https:\/\/www.iespedromunozseca.es\/index.php?rest_route=%2Fwp%2Fv2%2Fcomments&post=2795"}],"version-history":[{"count":7,"href":"https:\/\/www.iespedromunozseca.es\/index.php?rest_route=\/wp\/v2\/posts\/2795\/revisions"}],"predecessor-version":[{"id":2814,"href":"https:\/\/www.iespedromunozseca.es\/index.php?rest_route=\/wp\/v2\/posts\/2795\/revisions\/2814"}],"wp:attachment":[{"href":"https:\/\/www.iespedromunozseca.es\/index.php?rest_route=%2Fwp%2Fv2%2Fmedia&parent=2795"}],"wp:term":[{"taxonomy":"category","embeddable":true,"href":"https:\/\/www.iespedromunozseca.es\/index.php?rest_route=%2Fwp%2Fv2%2Fcategories&post=2795"},{"taxonomy":"post_tag","embeddable":true,"href":"https:\/\/www.iespedromunozseca.es\/index.php?rest_route=%2Fwp%2Fv2%2Ftags&post=2795"}],"curies":[{"name":"wp","href":"https:\/\/api.w.org\/{rel}","templated":true}]}}