{"id":2791,"date":"2011-02-16T19:07:00","date_gmt":"2011-02-16T17:07:00","guid":{"rendered":"http:\/\/www.iespedromunozseca.es\/?p=2791"},"modified":"2011-02-16T19:07:55","modified_gmt":"2011-02-16T17:07:55","slug":"comida-homenaje-a-vicente-sucino","status":"publish","type":"post","link":"https:\/\/www.iespedromunozseca.es\/?p=2791","title":{"rendered":"Comida homenaje a Vicente Sucino"},"content":{"rendered":"<p style=\"text-align: center;\">El d\u00eda 18 de febrero a las 15,00 horas se celebrar\u00e1 en el Hotel Monasterio de El Puerto de Santa Mar\u00eda, una comida con motivo de la jubilacion de Vicente Sucino, ordenanza del centro. A la misma asistir\u00e1n tanto profesores y personal del centro como antiguos compa\u00f1eros.<\/p>\n<p><a href=\"http:\/\/www.iespedromunozseca.es\/wp-content\/uploads\/2011\/02\/hotel-monasterio-san-miguel-el-puerto-de-santa-maria_030320091656533155.jpg\"><img decoding=\"async\" loading=\"lazy\" class=\"aligncenter size-thumbnail wp-image-2792\" title=\"hotel-monasterio-san-miguel-el-puerto-de-santa-maria_030320091656533155\" src=\"http:\/\/www.iespedromunozseca.es\/wp-content\/uploads\/2011\/02\/hotel-monasterio-san-miguel-el-puerto-de-santa-maria_030320091656533155-150x150.jpg\" alt=\"hotel-monasterio-san-miguel-el-puerto-de-santa-maria_030320091656533155\" width=\"150\" height=\"150\" \/><\/a><\/p>\n","protected":false},"excerpt":{"rendered":"<p>El d\u00eda 18 de febrero a las 15,00 horas se celebrar\u00e1 en el Hotel Monasterio de El Puerto de Santa Mar\u00eda, una comida con motivo de la jubilacion de Vicente Sucino, ordenanza del centro. A la misma asistir\u00e1n tanto profesores y personal del centro como antiguos compa\u00f1eros.<\/p>\n","protected":false},"author":1,"featured_media":0,"comment_status":"closed","ping_status":"open","sticky":false,"template":"","format":"standard","meta":[],"categories":[26],"tags":[48],"_links":{"self":[{"href":"https:\/\/www.iespedromunozseca.es\/index.php?rest_route=\/wp\/v2\/posts\/2791"}],"collection":[{"href":"https:\/\/www.iespedromunozseca.es\/index.php?rest_route=\/wp\/v2\/posts"}],"about":[{"href":"https:\/\/www.iespedromunozseca.es\/index.php?rest_route=\/wp\/v2\/types\/post"}],"author":[{"embeddable":true,"href":"https:\/\/www.iespedromunozseca.es\/index.php?rest_route=\/wp\/v2\/users\/1"}],"replies":[{"embeddable":true,"href":"https:\/\/www.iespedromunozseca.es\/index.php?rest_route=%2Fwp%2Fv2%2Fcomments&post=2791"}],"version-history":[{"count":2,"href":"https:\/\/www.iespedromunozseca.es\/index.php?rest_route=\/wp\/v2\/posts\/2791\/revisions"}],"predecessor-version":[{"id":2794,"href":"https:\/\/www.iespedromunozseca.es\/index.php?rest_route=\/wp\/v2\/posts\/2791\/revisions\/2794"}],"wp:attachment":[{"href":"https:\/\/www.iespedromunozseca.es\/index.php?rest_route=%2Fwp%2Fv2%2Fmedia&parent=2791"}],"wp:term":[{"taxonomy":"category","embeddable":true,"href":"https:\/\/www.iespedromunozseca.es\/index.php?rest_route=%2Fwp%2Fv2%2Fcategories&post=2791"},{"taxonomy":"post_tag","embeddable":true,"href":"https:\/\/www.iespedromunozseca.es\/index.php?rest_route=%2Fwp%2Fv2%2Ftags&post=2791"}],"curies":[{"name":"wp","href":"https:\/\/api.w.org\/{rel}","templated":true}]}}