{"id":2546,"date":"2011-01-21T12:03:35","date_gmt":"2011-01-21T10:03:35","guid":{"rendered":"http:\/\/www.iespedromunozseca.es\/?p=2546"},"modified":"2011-01-21T15:12:22","modified_gmt":"2011-01-21T13:12:22","slug":"horario-de-la-biblioteca","status":"publish","type":"post","link":"https:\/\/www.iespedromunozseca.es\/?p=2546","title":{"rendered":"La Biblioteca abre por la tarde"},"content":{"rendered":"<p style=\"text-align: center;\">Adem\u00e1s de todas las ma\u00f1anas, ahora la Biblioteca est\u00e1 atendida tambi\u00e9n en horario de tarde los <strong>martes y jueves de 17.00 horas a 19.00 horas<\/strong>.<\/p>\n<p style=\"text-align: center;\">All\u00ed disponen de un ordenador con conexi\u00f3n a Internet adem\u00e1s de una wifi.<\/p>\n<p style=\"text-align: center;\"><a href=\"http:\/\/www.iespedromunozseca.es\/wp-content\/uploads\/2011\/01\/raton_de_biblioteca.jpg\"><img decoding=\"async\" loading=\"lazy\" class=\"aligncenter size-thumbnail wp-image-2547\" title=\"raton_de_biblioteca\" src=\"http:\/\/www.iespedromunozseca.es\/wp-content\/uploads\/2011\/01\/raton_de_biblioteca-150x150.jpg\" alt=\"raton_de_biblioteca\" width=\"150\" height=\"150\" srcset=\"https:\/\/www.iespedromunozseca.es\/wp-content\/uploads\/2011\/01\/raton_de_biblioteca-150x150.jpg 150w, https:\/\/www.iespedromunozseca.es\/wp-content\/uploads\/2011\/01\/raton_de_biblioteca-300x300.jpg 300w, https:\/\/www.iespedromunozseca.es\/wp-content\/uploads\/2011\/01\/raton_de_biblioteca.jpg 600w\" sizes=\"(max-width: 150px) 100vw, 150px\" \/><\/a><\/p>\n<p style=\"text-align: center;\">\n","protected":false},"excerpt":{"rendered":"<p>Adem\u00e1s de todas las ma\u00f1anas, ahora la Biblioteca est\u00e1 atendida tambi\u00e9n en horario de tarde los martes y jueves de 17.00 horas a 19.00 horas. All\u00ed disponen de un ordenador con conexi\u00f3n a Internet adem\u00e1s de una wifi.<\/p>\n","protected":false},"author":1,"featured_media":0,"comment_status":"closed","ping_status":"open","sticky":false,"template":"","format":"standard","meta":[],"categories":[26],"tags":[48],"_links":{"self":[{"href":"https:\/\/www.iespedromunozseca.es\/index.php?rest_route=\/wp\/v2\/posts\/2546"}],"collection":[{"href":"https:\/\/www.iespedromunozseca.es\/index.php?rest_route=\/wp\/v2\/posts"}],"about":[{"href":"https:\/\/www.iespedromunozseca.es\/index.php?rest_route=\/wp\/v2\/types\/post"}],"author":[{"embeddable":true,"href":"https:\/\/www.iespedromunozseca.es\/index.php?rest_route=\/wp\/v2\/users\/1"}],"replies":[{"embeddable":true,"href":"https:\/\/www.iespedromunozseca.es\/index.php?rest_route=%2Fwp%2Fv2%2Fcomments&post=2546"}],"version-history":[{"count":7,"href":"https:\/\/www.iespedromunozseca.es\/index.php?rest_route=\/wp\/v2\/posts\/2546\/revisions"}],"predecessor-version":[{"id":2551,"href":"https:\/\/www.iespedromunozseca.es\/index.php?rest_route=\/wp\/v2\/posts\/2546\/revisions\/2551"}],"wp:attachment":[{"href":"https:\/\/www.iespedromunozseca.es\/index.php?rest_route=%2Fwp%2Fv2%2Fmedia&parent=2546"}],"wp:term":[{"taxonomy":"category","embeddable":true,"href":"https:\/\/www.iespedromunozseca.es\/index.php?rest_route=%2Fwp%2Fv2%2Fcategories&post=2546"},{"taxonomy":"post_tag","embeddable":true,"href":"https:\/\/www.iespedromunozseca.es\/index.php?rest_route=%2Fwp%2Fv2%2Ftags&post=2546"}],"curies":[{"name":"wp","href":"https:\/\/api.w.org\/{rel}","templated":true}]}}