{"id":2496,"date":"2011-01-19T15:08:49","date_gmt":"2011-01-19T13:08:49","guid":{"rendered":"http:\/\/www.iespedromunozseca.es\/?p=2496"},"modified":"2011-01-20T12:44:33","modified_gmt":"2011-01-20T10:44:33","slug":"ayudas-para-el-transporte-de-alumnosas","status":"publish","type":"post","link":"https:\/\/www.iespedromunozseca.es\/?p=2496","title":{"rendered":"Ayudas para el transporte de alumnos\/as"},"content":{"rendered":"<p>El Decreto 287\/2009, de 30 de junio, por el que se regula la prestaci\u00f3n gratuita del servicio complementario de transporte escolar para el alumnado de los centros docentes sostenidos con fondos p\u00fablicos, reconoce este derecho al <strong>alumnado de segundo ciclo de educaci\u00f3n infantil, educaci\u00f3n primaria, educaci\u00f3n especial, educaci\u00f3n secundaria obligatoria, bachillerato y formaci\u00f3n profesional inicial <\/strong>que est\u00e9 obligado a desplazarse <strong>fuera de su localidad de residencia por inexistencia en la misma de la etapa educativa correspondiente, o que resida en n\u00facleos dispersos de poblaci\u00f3n o en edificaciones diseminadas<\/strong> y al alumnado escolarizado en un centro espec\u00edfico de educaci\u00f3n especial sostenido con fondos p\u00fab<a href=\"http:\/\/www.iespedromunozseca.es\/wp-content\/uploads\/2011\/01\/transporte.jpg\"><img decoding=\"async\" loading=\"lazy\" class=\"alignright size-full wp-image-2497\" title=\"transporte\" src=\"http:\/\/www.iespedromunozseca.es\/wp-content\/uploads\/2011\/01\/transporte.jpg\" alt=\"transporte\" width=\"295\" height=\"283\" \/><\/a>licos ubicado en la misma o en distinta localidad de la del domicilio familiar cuando las necesidades derivadas de su discapacidad dificulten<br \/>\nsu desplazamiento al centro.<\/p>\n<p>Las solicitudes se presentar\u00e1n en la <strong>Secretar\u00eda del Centro<\/strong> donde est\u00e9 matriculado el alumno solicitante.<\/p>\n<p><strong>Plazo de solicitud<\/strong> abierto desde el d\u00eda 8 de enero hasta el 11 de febrero de 2011.<\/p>\n<p><strong>Pincha en el siguiente enlace:\u00a0 <a href=\"http:\/\/www.juntadeandalucia.es\/educacion\/nav\/contenido.jsp?pag=\/Contenidos\/PSE\/Becas\/Becas\/BECASTRANSPORTENOVEDADES&amp;vismenu=0,0,1,1,1,1,0,0,0\" target=\"_blank\">Orden de 3 de diciembre de 2010,<\/a><\/strong><\/p>\n","protected":false},"excerpt":{"rendered":"<p>El Decreto 287\/2009, de 30 de junio, por el que se regula la prestaci\u00f3n gratuita del servicio complementario de transporte escolar para el alumnado de los centros docentes sostenidos con fondos p\u00fablicos, reconoce este derecho al alumnado de segundo ciclo de educaci\u00f3n infantil, educaci\u00f3n primaria, educaci\u00f3n especial, educaci\u00f3n secundaria obligatoria, bachillerato y formaci\u00f3n profesional inicial que est\u00e9 obligado a desplazarse fuera de su localidad de residencia por inexistencia en la misma de la etapa educativa correspondiente, o que resida en&#8230;<\/p>\n<p class=\"read-more\"><a class=\"btn btn-default\" href=\"https:\/\/www.iespedromunozseca.es\/?p=2496\"> Leer m\u00e1s<span class=\"screen-reader-text\">  Leer m\u00e1s<\/span><\/a><\/p>\n","protected":false},"author":1,"featured_media":0,"comment_status":"closed","ping_status":"open","sticky":false,"template":"","format":"standard","meta":[],"categories":[42,41],"tags":[11,12],"_links":{"self":[{"href":"https:\/\/www.iespedromunozseca.es\/index.php?rest_route=\/wp\/v2\/posts\/2496"}],"collection":[{"href":"https:\/\/www.iespedromunozseca.es\/index.php?rest_route=\/wp\/v2\/posts"}],"about":[{"href":"https:\/\/www.iespedromunozseca.es\/index.php?rest_route=\/wp\/v2\/types\/post"}],"author":[{"embeddable":true,"href":"https:\/\/www.iespedromunozseca.es\/index.php?rest_route=\/wp\/v2\/users\/1"}],"replies":[{"embeddable":true,"href":"https:\/\/www.iespedromunozseca.es\/index.php?rest_route=%2Fwp%2Fv2%2Fcomments&post=2496"}],"version-history":[{"count":3,"href":"https:\/\/www.iespedromunozseca.es\/index.php?rest_route=\/wp\/v2\/posts\/2496\/revisions"}],"predecessor-version":[{"id":2499,"href":"https:\/\/www.iespedromunozseca.es\/index.php?rest_route=\/wp\/v2\/posts\/2496\/revisions\/2499"}],"wp:attachment":[{"href":"https:\/\/www.iespedromunozseca.es\/index.php?rest_route=%2Fwp%2Fv2%2Fmedia&parent=2496"}],"wp:term":[{"taxonomy":"category","embeddable":true,"href":"https:\/\/www.iespedromunozseca.es\/index.php?rest_route=%2Fwp%2Fv2%2Fcategories&post=2496"},{"taxonomy":"post_tag","embeddable":true,"href":"https:\/\/www.iespedromunozseca.es\/index.php?rest_route=%2Fwp%2Fv2%2Ftags&post=2496"}],"curies":[{"name":"wp","href":"https:\/\/api.w.org\/{rel}","templated":true}]}}