{"id":2486,"date":"2011-01-13T14:46:02","date_gmt":"2011-01-13T12:46:02","guid":{"rendered":"http:\/\/www.iespedromunozseca.es\/?p=2486"},"modified":"2011-01-13T14:48:22","modified_gmt":"2011-01-13T12:48:22","slug":"programa-idiomas-y-juventud","status":"publish","type":"post","link":"https:\/\/www.iespedromunozseca.es\/?p=2486","title":{"rendered":"Programa Idiomas y Juventud"},"content":{"rendered":"<p>El programa Idiomas y Juventud oferta 9.000 plazas en el extranjero para realizar cursos de ingl\u00e9s, franc\u00e9s y  alem\u00e1n, destinadas al alumnado de Bachillerato y Ciclos Formativos de  Grado Medio de Formaci\u00f3n Profesional Inicial.<a href=\"http:\/\/www.iespedromunozseca.es\/wp-content\/uploads\/2011\/01\/noticia_idiomasyjuventud.gif\"><img decoding=\"async\" loading=\"lazy\" class=\"alignright size-full wp-image-2487\" title=\"noticia_idiomasyjuventud\" src=\"http:\/\/www.iespedromunozseca.es\/wp-content\/uploads\/2011\/01\/noticia_idiomasyjuventud.gif\" alt=\"noticia_idiomasyjuventud\" width=\"200\" height=\"160\" \/><\/a><\/p>\n<p><span style=\"text-decoration: underline;\">Plazo de presentaci\u00f3n de solicitudes<\/span>: Del 11 de enero al 2 de febrero, ambos inclusive.<\/p>\n<p>En el siguiente enlace encontrar\u00e9is toda la informaci\u00f3n y los documentos necesarios.<\/p>\n<p style=\"text-align: center;\">\n<h4 style=\"text-align: center;\"><strong><a href=\"http:\/\/www.juntadeandalucia.es\/educacion\/nav\/contenido.jsp?pag=\/Contenidos\/OEE\/programasinternacionales\/ORD231110&amp;vismenu=0,0,1,1,1,1,0,0,0\" target=\"_blank\">Idiomas y Juventud<\/a><\/strong><\/h4>\n","protected":false},"excerpt":{"rendered":"<p>El programa Idiomas y Juventud oferta 9.000 plazas en el extranjero para realizar cursos de ingl\u00e9s, franc\u00e9s y alem\u00e1n, destinadas al alumnado de Bachillerato y Ciclos Formativos de Grado Medio de Formaci\u00f3n Profesional Inicial. Plazo de presentaci\u00f3n de solicitudes: Del 11 de enero al 2 de febrero, ambos inclusive. En el siguiente enlace encontrar\u00e9is toda la informaci\u00f3n y los documentos necesarios. Idiomas y Juventud<\/p>\n","protected":false},"author":1,"featured_media":0,"comment_status":"closed","ping_status":"open","sticky":false,"template":"","format":"standard","meta":[],"categories":[42,41],"tags":[11,12],"_links":{"self":[{"href":"https:\/\/www.iespedromunozseca.es\/index.php?rest_route=\/wp\/v2\/posts\/2486"}],"collection":[{"href":"https:\/\/www.iespedromunozseca.es\/index.php?rest_route=\/wp\/v2\/posts"}],"about":[{"href":"https:\/\/www.iespedromunozseca.es\/index.php?rest_route=\/wp\/v2\/types\/post"}],"author":[{"embeddable":true,"href":"https:\/\/www.iespedromunozseca.es\/index.php?rest_route=\/wp\/v2\/users\/1"}],"replies":[{"embeddable":true,"href":"https:\/\/www.iespedromunozseca.es\/index.php?rest_route=%2Fwp%2Fv2%2Fcomments&post=2486"}],"version-history":[{"count":5,"href":"https:\/\/www.iespedromunozseca.es\/index.php?rest_route=\/wp\/v2\/posts\/2486\/revisions"}],"predecessor-version":[{"id":2492,"href":"https:\/\/www.iespedromunozseca.es\/index.php?rest_route=\/wp\/v2\/posts\/2486\/revisions\/2492"}],"wp:attachment":[{"href":"https:\/\/www.iespedromunozseca.es\/index.php?rest_route=%2Fwp%2Fv2%2Fmedia&parent=2486"}],"wp:term":[{"taxonomy":"category","embeddable":true,"href":"https:\/\/www.iespedromunozseca.es\/index.php?rest_route=%2Fwp%2Fv2%2Fcategories&post=2486"},{"taxonomy":"post_tag","embeddable":true,"href":"https:\/\/www.iespedromunozseca.es\/index.php?rest_route=%2Fwp%2Fv2%2Ftags&post=2486"}],"curies":[{"name":"wp","href":"https:\/\/api.w.org\/{rel}","templated":true}]}}