{"id":2484,"date":"2011-01-13T14:37:26","date_gmt":"2011-01-13T12:37:26","guid":{"rendered":"http:\/\/www.iespedromunozseca.es\/?p=2484"},"modified":"2011-01-13T14:48:47","modified_gmt":"2011-01-13T12:48:47","slug":"jubilaciones","status":"publish","type":"post","link":"https:\/\/www.iespedromunozseca.es\/?p=2484","title":{"rendered":"Jubilaciones"},"content":{"rendered":"<p style=\"text-align: center;\">Empezamos el nuevo a\u00f1o con ilusi\u00f3n, pero tambi\u00e9n con tristeza porque dos de nuestros compa\u00f1eros se han jubilado.<\/p>\n<p style=\"text-align: center;\">D. Vicente Sucino, ordenanza de nuestro centro (conserje) y D. Enrique G\u00f3mez-Rodulfo, jefe del departamento de F\u00edsica y Qu\u00edmica.<\/p>\n<p style=\"text-align: center;\">Ambos, nos han acompa\u00f1ado durante muchos a\u00f1os y han dejado en nuestros corazones un hueco dificil de llenar. Desde aqu\u00ed les deseamos que disfruten de esta nueva etapa.<\/p>\n","protected":false},"excerpt":{"rendered":"<p>Empezamos el nuevo a\u00f1o con ilusi\u00f3n, pero tambi\u00e9n con tristeza porque dos de nuestros compa\u00f1eros se han jubilado. D. Vicente Sucino, ordenanza de nuestro centro (conserje) y D. Enrique G\u00f3mez-Rodulfo, jefe del departamento de F\u00edsica y Qu\u00edmica. Ambos, nos han acompa\u00f1ado durante muchos a\u00f1os y han dejado en nuestros corazones un hueco dificil de llenar. Desde aqu\u00ed les deseamos que disfruten de esta nueva etapa.<\/p>\n","protected":false},"author":1,"featured_media":0,"comment_status":"closed","ping_status":"open","sticky":false,"template":"","format":"standard","meta":[],"categories":[26],"tags":[48],"_links":{"self":[{"href":"https:\/\/www.iespedromunozseca.es\/index.php?rest_route=\/wp\/v2\/posts\/2484"}],"collection":[{"href":"https:\/\/www.iespedromunozseca.es\/index.php?rest_route=\/wp\/v2\/posts"}],"about":[{"href":"https:\/\/www.iespedromunozseca.es\/index.php?rest_route=\/wp\/v2\/types\/post"}],"author":[{"embeddable":true,"href":"https:\/\/www.iespedromunozseca.es\/index.php?rest_route=\/wp\/v2\/users\/1"}],"replies":[{"embeddable":true,"href":"https:\/\/www.iespedromunozseca.es\/index.php?rest_route=%2Fwp%2Fv2%2Fcomments&post=2484"}],"version-history":[{"count":2,"href":"https:\/\/www.iespedromunozseca.es\/index.php?rest_route=\/wp\/v2\/posts\/2484\/revisions"}],"predecessor-version":[{"id":2493,"href":"https:\/\/www.iespedromunozseca.es\/index.php?rest_route=\/wp\/v2\/posts\/2484\/revisions\/2493"}],"wp:attachment":[{"href":"https:\/\/www.iespedromunozseca.es\/index.php?rest_route=%2Fwp%2Fv2%2Fmedia&parent=2484"}],"wp:term":[{"taxonomy":"category","embeddable":true,"href":"https:\/\/www.iespedromunozseca.es\/index.php?rest_route=%2Fwp%2Fv2%2Fcategories&post=2484"},{"taxonomy":"post_tag","embeddable":true,"href":"https:\/\/www.iespedromunozseca.es\/index.php?rest_route=%2Fwp%2Fv2%2Ftags&post=2484"}],"curies":[{"name":"wp","href":"https:\/\/api.w.org\/{rel}","templated":true}]}}