{"id":2439,"date":"2010-10-27T18:07:23","date_gmt":"2010-10-27T16:07:23","guid":{"rendered":"http:\/\/www.iespedromunozseca.es\/?p=2439"},"modified":"2010-11-08T20:13:27","modified_gmt":"2010-11-08T18:13:27","slug":"acto-inaugural-del-curso-2010-2011","status":"publish","type":"post","link":"https:\/\/www.iespedromunozseca.es\/?p=2439","title":{"rendered":"Acto inaugural del curso 2010 &#8211; 2011"},"content":{"rendered":"<p style=\"text-align: center;\">El d\u00eda 28 de octubre, a las 13 horas, celebramos el nuevo curso con una conferencia<\/p>\n<p style=\"text-align: center;\">a cargo de D. Jos\u00e9 Mar\u00eda Morillo, Jefe del Servicio de Turismo del Ayuntamiento<\/p>\n<p style=\"text-align: center;\">de El Puerto de Santa Mar\u00eda, sobre \u00ab150 a\u00f1os de turismo en El Puerto\u00bb.<a href=\"http:\/\/www.iespedromunozseca.es\/wp-content\/uploads\/2010\/10\/logopuerto.png\"><img decoding=\"async\" loading=\"lazy\" class=\"aligncenter size-full wp-image-2441\" title=\"logopuerto\" src=\"http:\/\/www.iespedromunozseca.es\/wp-content\/uploads\/2010\/10\/logopuerto.png\" alt=\"logopuerto\" width=\"98\" height=\"66\" \/><\/a><\/p>\n","protected":false},"excerpt":{"rendered":"<p>El d\u00eda 28 de octubre, a las 13 horas, celebramos el nuevo curso con una conferencia a cargo de D. Jos\u00e9 Mar\u00eda Morillo, Jefe del Servicio de Turismo del Ayuntamiento de El Puerto de Santa Mar\u00eda, sobre \u00ab150 a\u00f1os de turismo en El Puerto\u00bb.<\/p>\n","protected":false},"author":1,"featured_media":0,"comment_status":"closed","ping_status":"open","sticky":false,"template":"","format":"standard","meta":[],"categories":[42,26,41,20],"tags":[11,48,12,44],"_links":{"self":[{"href":"https:\/\/www.iespedromunozseca.es\/index.php?rest_route=\/wp\/v2\/posts\/2439"}],"collection":[{"href":"https:\/\/www.iespedromunozseca.es\/index.php?rest_route=\/wp\/v2\/posts"}],"about":[{"href":"https:\/\/www.iespedromunozseca.es\/index.php?rest_route=\/wp\/v2\/types\/post"}],"author":[{"embeddable":true,"href":"https:\/\/www.iespedromunozseca.es\/index.php?rest_route=\/wp\/v2\/users\/1"}],"replies":[{"embeddable":true,"href":"https:\/\/www.iespedromunozseca.es\/index.php?rest_route=%2Fwp%2Fv2%2Fcomments&post=2439"}],"version-history":[{"count":5,"href":"https:\/\/www.iespedromunozseca.es\/index.php?rest_route=\/wp\/v2\/posts\/2439\/revisions"}],"predecessor-version":[{"id":2454,"href":"https:\/\/www.iespedromunozseca.es\/index.php?rest_route=\/wp\/v2\/posts\/2439\/revisions\/2454"}],"wp:attachment":[{"href":"https:\/\/www.iespedromunozseca.es\/index.php?rest_route=%2Fwp%2Fv2%2Fmedia&parent=2439"}],"wp:term":[{"taxonomy":"category","embeddable":true,"href":"https:\/\/www.iespedromunozseca.es\/index.php?rest_route=%2Fwp%2Fv2%2Fcategories&post=2439"},{"taxonomy":"post_tag","embeddable":true,"href":"https:\/\/www.iespedromunozseca.es\/index.php?rest_route=%2Fwp%2Fv2%2Ftags&post=2439"}],"curies":[{"name":"wp","href":"https:\/\/api.w.org\/{rel}","templated":true}]}}