{"id":2432,"date":"2010-10-19T10:04:19","date_gmt":"2010-10-19T08:04:19","guid":{"rendered":"http:\/\/www.iespedromunozseca.es\/?p=2432"},"modified":"2010-11-08T20:13:58","modified_gmt":"2010-11-08T18:13:58","slug":"esqui-en-los-alpes-franceses-chamonix","status":"publish","type":"post","link":"https:\/\/www.iespedromunozseca.es\/?p=2432","title":{"rendered":"Esqu\u00ed en los Alpes Franceses (Chamonix)"},"content":{"rendered":"<p>Del s\u00e1bado 29 de enero al lunes 7 de febrero.<a href=\"..\/wp-content\/uploads\/2010\/10\/esqui1.jpg\"><img decoding=\"async\" loading=\"lazy\" class=\"alignleft size-thumbnail wp-image-2436\" title=\"esqui1\" src=\"..\/wp-content\/uploads\/2010\/10\/esqui1-150x150.jpg\" alt=\"esqui1\" width=\"150\" height=\"150\" \/><\/a><\/p>\n<p><strong> Precio:<\/strong> 432\u20ac + viaje (m\u00e1s o menos 125\u20ac)<\/p>\n<p><strong> Incluye:<\/strong><\/p>\n<ul>\n<li>\n<ul>\n<li>\n<ul>\n<li>\n<ul>\n<li>\n<ul>\n<li>Viaje de ida y vuelta: El Puerto de Santa Mar\u00eda &#8211; Chamonix &#8211; El Puerto de Santa Mar\u00eda<\/li>\n<li>Alojamiento en albergue<\/li>\n<li>Pension completa<\/li>\n<li>Material de esqu\u00ed (botas, bastones, fijaciones y esqu\u00eds)<\/li>\n<li>Forfait (utilizaci\u00f3n ilimitada de telesillas y remontes)<\/li>\n<li>Profesor (cursos) de esqu\u00ed<\/li>\n<\/ul>\n<\/li>\n<\/ul>\n<\/li>\n<\/ul>\n<\/li>\n<\/ul>\n<\/li>\n<\/ul>\n<p><strong>Organizan:<\/strong> departamento de Franc\u00e9s y departamento de Educaci\u00f3n F\u00edsicia<\/p>\n<p>Esta actividad esta incluida en la programaci\u00f3n del departamento de Educaci\u00f3n F\u00edsica como actividad extraescolar<\/p>\n","protected":false},"excerpt":{"rendered":"<p>Del s\u00e1bado 29 de enero al lunes 7 de febrero. Precio: 432\u20ac + viaje (m\u00e1s o menos 125\u20ac) Incluye: Viaje de ida y vuelta: El Puerto de Santa Mar\u00eda &#8211; Chamonix &#8211; El Puerto de Santa Mar\u00eda Alojamiento en albergue Pension completa Material de esqu\u00ed (botas, bastones, fijaciones y esqu\u00eds) Forfait (utilizaci\u00f3n ilimitada de telesillas y remontes) Profesor (cursos) de esqu\u00ed Organizan: departamento de Franc\u00e9s y departamento de Educaci\u00f3n F\u00edsicia Esta actividad esta incluida en la programaci\u00f3n del departamento de&#8230;<\/p>\n<p class=\"read-more\"><a class=\"btn btn-default\" href=\"https:\/\/www.iespedromunozseca.es\/?p=2432\"> Leer m\u00e1s<span class=\"screen-reader-text\">  Leer m\u00e1s<\/span><\/a><\/p>\n","protected":false},"author":1,"featured_media":0,"comment_status":"closed","ping_status":"open","sticky":false,"template":"","format":"standard","meta":[],"categories":[43,26],"tags":[27],"_links":{"self":[{"href":"https:\/\/www.iespedromunozseca.es\/index.php?rest_route=\/wp\/v2\/posts\/2432"}],"collection":[{"href":"https:\/\/www.iespedromunozseca.es\/index.php?rest_route=\/wp\/v2\/posts"}],"about":[{"href":"https:\/\/www.iespedromunozseca.es\/index.php?rest_route=\/wp\/v2\/types\/post"}],"author":[{"embeddable":true,"href":"https:\/\/www.iespedromunozseca.es\/index.php?rest_route=\/wp\/v2\/users\/1"}],"replies":[{"embeddable":true,"href":"https:\/\/www.iespedromunozseca.es\/index.php?rest_route=%2Fwp%2Fv2%2Fcomments&post=2432"}],"version-history":[{"count":6,"href":"https:\/\/www.iespedromunozseca.es\/index.php?rest_route=\/wp\/v2\/posts\/2432\/revisions"}],"predecessor-version":[{"id":2435,"href":"https:\/\/www.iespedromunozseca.es\/index.php?rest_route=\/wp\/v2\/posts\/2432\/revisions\/2435"}],"wp:attachment":[{"href":"https:\/\/www.iespedromunozseca.es\/index.php?rest_route=%2Fwp%2Fv2%2Fmedia&parent=2432"}],"wp:term":[{"taxonomy":"category","embeddable":true,"href":"https:\/\/www.iespedromunozseca.es\/index.php?rest_route=%2Fwp%2Fv2%2Fcategories&post=2432"},{"taxonomy":"post_tag","embeddable":true,"href":"https:\/\/www.iespedromunozseca.es\/index.php?rest_route=%2Fwp%2Fv2%2Ftags&post=2432"}],"curies":[{"name":"wp","href":"https:\/\/api.w.org\/{rel}","templated":true}]}}