{"id":2408,"date":"2010-09-27T17:59:00","date_gmt":"2010-09-27T15:59:00","guid":{"rendered":"http:\/\/www.iespedromunozseca.es\/?p=2408"},"modified":"2010-09-27T18:02:03","modified_gmt":"2010-09-27T16:02:03","slug":"4%c2%aa-adjudicacion-de-ciclos-formativos-de-fp","status":"publish","type":"post","link":"https:\/\/www.iespedromunozseca.es\/?p=2408","title":{"rendered":"4\u00aa Adjudicaci\u00f3n de Ciclos Formativos de F.P."},"content":{"rendered":"<p><em><\/em><\/p>\n<p style=\"text-align: justify;\"><strong>E<a href=\"..\/wp-content\/uploads\/2010\/09\/fp10.gif\"><img decoding=\"async\" loading=\"lazy\" class=\"alignleft size-full wp-image-2409\" title=\"fp10\" src=\"..\/wp-content\/uploads\/2010\/09\/fp10.gif\" alt=\"fp10\" width=\"142\" height=\"130\" \/><\/a>st\u00e1 disponible la 4\u00aa Adjudicaci\u00f3n correspondiente a la escolarizaci\u00f3n de los Ciclos Formativos de Formaci\u00f3n Profesional en Oferta Completa a\u00f1o 2010.<\/strong><\/p>\n<p style=\"text-align: justify;\"><strong>El periodo de Matr\u00edcula es del 27 al 28 de septiembre.<\/strong><\/p>\n<p style=\"text-align: center;\"><em><strong><a href=\"http:\/\/www.juntadeandalucia.es\/educacion\/formacionprofesional\/index.php\/consulta-personalizada-fp\">Consulta aqu\u00ed<\/a><\/strong><\/em><\/p>\n<p style=\"text-align: justify;\">\n<p><em><\/em><\/p>\n","protected":false},"excerpt":{"rendered":"<p>Est\u00e1 disponible la 4\u00aa Adjudicaci\u00f3n correspondiente a la escolarizaci\u00f3n de los Ciclos Formativos de Formaci\u00f3n Profesional en Oferta Completa a\u00f1o 2010. El periodo de Matr\u00edcula es del 27 al 28 de septiembre. Consulta aqu\u00ed<\/p>\n","protected":false},"author":1,"featured_media":0,"comment_status":"closed","ping_status":"open","sticky":false,"template":"","format":"standard","meta":[],"categories":[41],"tags":[12],"_links":{"self":[{"href":"https:\/\/www.iespedromunozseca.es\/index.php?rest_route=\/wp\/v2\/posts\/2408"}],"collection":[{"href":"https:\/\/www.iespedromunozseca.es\/index.php?rest_route=\/wp\/v2\/posts"}],"about":[{"href":"https:\/\/www.iespedromunozseca.es\/index.php?rest_route=\/wp\/v2\/types\/post"}],"author":[{"embeddable":true,"href":"https:\/\/www.iespedromunozseca.es\/index.php?rest_route=\/wp\/v2\/users\/1"}],"replies":[{"embeddable":true,"href":"https:\/\/www.iespedromunozseca.es\/index.php?rest_route=%2Fwp%2Fv2%2Fcomments&post=2408"}],"version-history":[{"count":4,"href":"https:\/\/www.iespedromunozseca.es\/index.php?rest_route=\/wp\/v2\/posts\/2408\/revisions"}],"predecessor-version":[{"id":2412,"href":"https:\/\/www.iespedromunozseca.es\/index.php?rest_route=\/wp\/v2\/posts\/2408\/revisions\/2412"}],"wp:attachment":[{"href":"https:\/\/www.iespedromunozseca.es\/index.php?rest_route=%2Fwp%2Fv2%2Fmedia&parent=2408"}],"wp:term":[{"taxonomy":"category","embeddable":true,"href":"https:\/\/www.iespedromunozseca.es\/index.php?rest_route=%2Fwp%2Fv2%2Fcategories&post=2408"},{"taxonomy":"post_tag","embeddable":true,"href":"https:\/\/www.iespedromunozseca.es\/index.php?rest_route=%2Fwp%2Fv2%2Ftags&post=2408"}],"curies":[{"name":"wp","href":"https:\/\/api.w.org\/{rel}","templated":true}]}}