{"id":1865,"date":"2009-11-06T20:35:32","date_gmt":"2009-11-06T18:35:32","guid":{"rendered":"http:\/\/www.iespedromunozseca.es\/?p=1865"},"modified":"2009-11-06T20:51:54","modified_gmt":"2009-11-06T18:51:54","slug":"campana-de-limpieza-y-reciclaje","status":"publish","type":"post","link":"https:\/\/www.iespedromunozseca.es\/?p=1865","title":{"rendered":"Campa\u00f1a de limpieza y reciclaje"},"content":{"rendered":"<h4>A partir del lunes 9 de noviembre se pondr\u00e1 en marcha una <span style=\"color: #000000;\">campa\u00f1a de limpieza y reciclaje en el centro,<\/span>habr\u00e1 3 actuaciones:<\/h4>\n<ol>\n<li>\n<h4><span style=\"color: #3366ff;\"><strong>Campa\u00f1a \u00abMant\u00e9n limpia tu aula\u00bb<\/strong><\/span>: llevada a cabo por los tutores y todos los alumnos y alumnas del aula.<a href=\"http:\/\/www.iespedromunozseca.es\/wp-content\/uploads\/2009\/11\/limpieza.gif\"><img decoding=\"async\" loading=\"lazy\" class=\"alignright size-thumbnail wp-image-1867\" title=\"limpieza\" src=\"http:\/\/www.iespedromunozseca.es\/wp-content\/uploads\/2009\/11\/limpieza-150x150.gif\" alt=\"limpieza\" width=\"150\" height=\"150\" \/><\/a><\/h4>\n<\/li>\n<li>\n<h4><span style=\"color: #3366ff;\">C<\/span><span style=\"color: #3366ff;\"><strong>ampa\u00f1a de limpieza del centro<\/strong><\/span>: concurso de carteles y actuaciones de todo el alumnado del centro.<\/h4>\n<\/li>\n<li>\n<h4><span style=\"color: #3366ff;\"><strong>Campa\u00f1a de reciclaje<\/strong><\/span>: los envases tienen una segunda vida, recicla.<\/h4>\n<\/li>\n<\/ol>\n<h4><a href=\"http:\/\/www.iespedromunozseca.es\/wp-content\/uploads\/2009\/11\/reciclaje.jpg\"><img decoding=\"async\" loading=\"lazy\" class=\"alignleft size-thumbnail wp-image-1868\" title=\"reciclaje\" src=\"http:\/\/www.iespedromunozseca.es\/wp-content\/uploads\/2009\/11\/reciclaje-150x150.jpg\" alt=\"reciclaje\" width=\"150\" height=\"150\" \/><\/a><\/h4>\n<h4 style=\"text-align: right;\">Para m\u00e1s informaci\u00f3n, acude a la p\u00e1gina web de la campa\u00f1a.<\/h4>\n","protected":false},"excerpt":{"rendered":"<p>A partir del lunes 9 de noviembre se pondr\u00e1 en marcha una campa\u00f1a de limpieza y reciclaje en el centro,habr\u00e1 3 actuaciones: Campa\u00f1a \u00abMant\u00e9n limpia tu aula\u00bb: llevada a cabo por los tutores y todos los alumnos y alumnas del aula. Campa\u00f1a de limpieza del centro: concurso de carteles y actuaciones de todo el alumnado del centro. Campa\u00f1a de reciclaje: los envases tienen una segunda vida, recicla. Para m\u00e1s informaci\u00f3n, acude a la p\u00e1gina web de la campa\u00f1a.<\/p>\n","protected":false},"author":1,"featured_media":0,"comment_status":"closed","ping_status":"open","sticky":false,"template":"","format":"standard","meta":[],"categories":[42,41,20],"tags":[11,12,44],"_links":{"self":[{"href":"https:\/\/www.iespedromunozseca.es\/index.php?rest_route=\/wp\/v2\/posts\/1865"}],"collection":[{"href":"https:\/\/www.iespedromunozseca.es\/index.php?rest_route=\/wp\/v2\/posts"}],"about":[{"href":"https:\/\/www.iespedromunozseca.es\/index.php?rest_route=\/wp\/v2\/types\/post"}],"author":[{"embeddable":true,"href":"https:\/\/www.iespedromunozseca.es\/index.php?rest_route=\/wp\/v2\/users\/1"}],"replies":[{"embeddable":true,"href":"https:\/\/www.iespedromunozseca.es\/index.php?rest_route=%2Fwp%2Fv2%2Fcomments&post=1865"}],"version-history":[{"count":9,"href":"https:\/\/www.iespedromunozseca.es\/index.php?rest_route=\/wp\/v2\/posts\/1865\/revisions"}],"predecessor-version":[{"id":1888,"href":"https:\/\/www.iespedromunozseca.es\/index.php?rest_route=\/wp\/v2\/posts\/1865\/revisions\/1888"}],"wp:attachment":[{"href":"https:\/\/www.iespedromunozseca.es\/index.php?rest_route=%2Fwp%2Fv2%2Fmedia&parent=1865"}],"wp:term":[{"taxonomy":"category","embeddable":true,"href":"https:\/\/www.iespedromunozseca.es\/index.php?rest_route=%2Fwp%2Fv2%2Fcategories&post=1865"},{"taxonomy":"post_tag","embeddable":true,"href":"https:\/\/www.iespedromunozseca.es\/index.php?rest_route=%2Fwp%2Fv2%2Ftags&post=1865"}],"curies":[{"name":"wp","href":"https:\/\/api.w.org\/{rel}","templated":true}]}}